{"id":19730,"date":"2018-09-27T18:00:22","date_gmt":"2018-09-27T21:00:22","guid":{"rendered":"http:\/\/www.yungayino.cl\/noticias\/?p=19730"},"modified":"2018-09-27T18:48:25","modified_gmt":"2018-09-27T21:48:25","slug":"inauguran-proyecto-comunitario-de-iluminacion-en-acceso-a-charrua-con-tecnologia-led","status":"publish","type":"post","link":"https:\/\/www.yungayino.cl\/noticias\/?p=19730","title":{"rendered":"Inauguran Proyecto Comunitario de Iluminaci\u00f3n en Acceso a Charr\u00faa con Tecnolog\u00eda Led"},"content":{"rendered":"<p><img loading=\"lazy\" decoding=\"async\" class=\"alignnone size-full wp-image-19731\" src=\"http:\/\/www.yungayino.cl\/noticias\/wp-content\/uploads\/2018\/09\/luminarias_charrua.jpg\" alt=\"\" width=\"700\" height=\"487\" srcset=\"https:\/\/www.yungayino.cl\/noticias\/wp-content\/uploads\/2018\/09\/luminarias_charrua.jpg 700w, https:\/\/www.yungayino.cl\/noticias\/wp-content\/uploads\/2018\/09\/luminarias_charrua-300x209.jpg 300w, https:\/\/www.yungayino.cl\/noticias\/wp-content\/uploads\/2018\/09\/luminarias_charrua-216x150.jpg 216w\" sizes=\"auto, (max-width: 700px) 100vw, 700px\" \/><\/p>\n<p style=\"text-align: justify;\">Yungay, septiembre 2018: El Subsecretario de Energ\u00eda, Sr. Ricardo Irarr\u00e1zabal, encabez\u00f3 este hito que es fruto del trabajo de la Mesa Asociativa de Charr\u00faa, integrada por el Ministerio de Energ\u00eda, el Municipio de Cabrero, la Junta de Vecinos del Sector y las Empresas Transelec, Orazul Energy, Generadora Metropolitana, GGO Los Guindos y Colb\u00fan.<\/p>\n<p style=\"text-align: justify;\">M\u00e1s de 400 personas se reunieron en la Escuela B\u00e1sica E-1104 de Charr\u00faa para inaugurar formalmente la instalaci\u00f3n de 61 luminarias Led a lo largo de 2,5 kil\u00f3metros en la carretera de acceso a Charr\u00faa, localidad de la comuna de Cabrero, Regi\u00f3n del Biob\u00edo. Las obras incluyeron adem\u00e1s tres subestaciones y la correspondiente conexi\u00f3n a la red el\u00e9ctrica.<\/p>\n<p style=\"text-align: justify;\"><iframe loading=\"lazy\" style=\"border: none; overflow: hidden;\" src=\"https:\/\/www.facebook.com\/plugins\/post.php?href=https:\/\/www.facebook.com\/media\/set\/?set=a.2276671509014542&amp;type=1&amp;l=a9592c9d60&amp;l=a77e327dc6&amp;l=f5951f1994&amp;l=bfecbb8adf&amp;l=687b6bf5da&amp;width=500&amp;show_text=true&amp;height=691&amp;appId\" width=\"500\" height=\"691\" frameborder=\"0\" scrolling=\"no\"><\/iframe><\/p>\n<p style=\"text-align: justify;\">Este proyecto se concret\u00f3 gracias al trabajo que ha desarrollado ya por dos a\u00f1os la Mesa Asociativa de Charr\u00faa, instancia que re\u00fane a vecinos, el Ministerio de Energ\u00eda, la Municipalidad de Cabrero y empresas el\u00e9ctricas que operan en el sector, entre ellas Transelec.<\/p>\n<p style=\"text-align: justify;\">La ceremonia de inauguraci\u00f3n fue encabezada por el Subsecretario de Energ\u00eda, Sr. Ricardo Irarr\u00e1zabal, quien coment\u00f3 la importancia de que \u201cla iniciativa haya sido impulsada por la propia comunidad y acogida por las empresas y el municipio\u201d, y destac\u00f3 que \u201ceste trabajo en conjunto significa una mejor iluminaci\u00f3n, mayor seguridad, progreso y desarrollo para Charr\u00faa\u201d.<\/p>\n<p style=\"text-align: justify;\">\u201cLos j\u00f3venes que van a estudiar a diario a Los \u00c1ngeles y Concepci\u00f3n y las personas que trabajan afuera se bajan en el cruce del camino a Yungay, y de ah\u00ed caminan hasta Charr\u00faa. Es un tremendo avance en seguridad para todos nuestros vecinos\u201d, asegur\u00f3 en el mismo sentido Sra. Olga Flores, Presidenta de la Junta de Vecinos.<\/p>\n<p style=\"text-align: justify;\">Las nuevas luminarias significaron una inversi\u00f3n que borde\u00f3 los $75 millones, financiados por las empresas que integran la Mesa. Al respecto, Juli\u00e1n Perret, Director Regional de Asuntos P\u00fablicos de Colb\u00fan, indic\u00f3 que \u201ces muy gratificante poder apoyar este proyecto que recoge una sentida necesidad de la comunidad\u201d y declar\u00f3 que esperan \u201cseguir trabajando en conjunto con la comunidad, el Municipio y el Ministerio en este tipo de iniciativas.\u201d<\/p>\n<p style=\"text-align: justify;\">Por su parte Sr. Luis P\u00e9rez, Gerente de la Zona Sur de Transelec, destac\u00f3 que esta iniciativa es un \u201cejemplo de trabajo colaborativo que podemos replicar en otras zonas del pa\u00eds\u201d y se\u00f1al\u00f3 que \u201cnos enorgullece e impulsa a seguir trabajando en conjunto\u201d.<\/p>\n<p style=\"text-align: justify;\">Para marcar el hito, se llev\u00f3 hasta la ceremonia una luminaria igual a las instaladas en terreno y se encendi\u00f3 simb\u00f3licamente frente a los asistentes. Y para celebrar, los alumnos de la escuela anfitriona deleitaron a las autoridades y vecinos presentes con bailes folcl\u00f3ricos preparados por ellos mismos.<\/p>\n<p style=\"text-align: justify;\">Sr. Mario Gierke, alcalde de Cabrero, agradeci\u00f3 \u201ca todas las fuerzas vivas que hicieron posible la inauguraci\u00f3n de un ingreso a Charr\u00faa m\u00e1s iluminado y seguro\u201d e invit\u00f3 al Gobierno y a las empresas \u201ca continuar trabajando en conjunto y a sumarse a las mesas de trabajo comunal\u201d.<\/p>\n<p style=\"text-align: justify;\">[su_button url=\u00bbhttps:\/\/www.facebook.com\/media\/set\/?set=a.2276671509014542&amp;type=1&amp;l=a9592c9d60&#8243; target=\u00bbblank\u00bb size=\u00bb7&#8243; radius=\u00bbround\u00bb icon=\u00bbicon: facebook-square\u00bb]FOTOGRAF\u00cdAS &#8211; Inauguran Proyecto Comunitario de Iluminaci\u00f3n en Acceso a Charr\u00faa con Tecnolog\u00eda Led[\/su_button]<\/p>\n","protected":false},"excerpt":{"rendered":"<p>Yungay, septiembre 2018: El Subsecretario de Energ\u00eda, Sr. Ricardo Irarr\u00e1zabal, encabez\u00f3 este hito que es fruto del trabajo de la Mesa Asociativa de Charr\u00faa, integrada por el Ministerio de Energ\u00eda, el Municipio de Cabrero,&#46;&#46;&#46;<\/p>\n","protected":false},"author":2,"featured_media":19731,"comment_status":"closed","ping_status":"open","sticky":false,"template":"","format":"standard","meta":{"footnotes":""},"categories":[1],"tags":[980,979,1115,1827,8,6],"class_list":["post-19730","post","type-post","status-publish","format-standard","has-post-thumbnail","hentry","category-noticias","tag-cabrero","tag-charrua","tag-noticias","tag-tecnologia-led","tag-yungay","tag-yungayino"],"_links":{"self":[{"href":"https:\/\/www.yungayino.cl\/noticias\/index.php?rest_route=\/wp\/v2\/posts\/19730","targetHints":{"allow":["GET"]}}],"collection":[{"href":"https:\/\/www.yungayino.cl\/noticias\/index.php?rest_route=\/wp\/v2\/posts"}],"about":[{"href":"https:\/\/www.yungayino.cl\/noticias\/index.php?rest_route=\/wp\/v2\/types\/post"}],"author":[{"embeddable":true,"href":"https:\/\/www.yungayino.cl\/noticias\/index.php?rest_route=\/wp\/v2\/users\/2"}],"replies":[{"embeddable":true,"href":"https:\/\/www.yungayino.cl\/noticias\/index.php?rest_route=%2Fwp%2Fv2%2Fcomments&post=19730"}],"version-history":[{"count":1,"href":"https:\/\/www.yungayino.cl\/noticias\/index.php?rest_route=\/wp\/v2\/posts\/19730\/revisions"}],"predecessor-version":[{"id":19732,"href":"https:\/\/www.yungayino.cl\/noticias\/index.php?rest_route=\/wp\/v2\/posts\/19730\/revisions\/19732"}],"wp:featuredmedia":[{"embeddable":true,"href":"https:\/\/www.yungayino.cl\/noticias\/index.php?rest_route=\/wp\/v2\/media\/19731"}],"wp:attachment":[{"href":"https:\/\/www.yungayino.cl\/noticias\/index.php?rest_route=%2Fwp%2Fv2%2Fmedia&parent=19730"}],"wp:term":[{"taxonomy":"category","embeddable":true,"href":"https:\/\/www.yungayino.cl\/noticias\/index.php?rest_route=%2Fwp%2Fv2%2Fcategories&post=19730"},{"taxonomy":"post_tag","embeddable":true,"href":"https:\/\/www.yungayino.cl\/noticias\/index.php?rest_route=%2Fwp%2Fv2%2Ftags&post=19730"}],"curies":[{"name":"wp","href":"https:\/\/api.w.org\/{rel}","templated":true}]}}