{"id":19733,"date":"2018-09-28T20:00:08","date_gmt":"2018-09-28T23:00:08","guid":{"rendered":"http:\/\/www.yungayino.cl\/noticias\/?p=19733"},"modified":"2018-09-28T22:35:13","modified_gmt":"2018-09-29T01:35:13","slug":"jardin-infantil-rayo-de-luna-de-yungay-realizo-reunion-informativa-de-su-proyecto-educativo-institucional-pei-2","status":"publish","type":"post","link":"https:\/\/www.yungayino.cl\/noticias\/?p=19733","title":{"rendered":"Jard\u00edn Infantil \u201cRayo de Luna\u201d de Yungay Realiz\u00f3 Reuni\u00f3n Informativa de su Proyecto Educativo Institucional (PEI)"},"content":{"rendered":"<p><img loading=\"lazy\" decoding=\"async\" class=\"alignnone size-full wp-image-19734\" src=\"http:\/\/www.yungayino.cl\/noticias\/wp-content\/uploads\/2018\/09\/rayo_de_luna_pei_2018.jpg\" alt=\"\" width=\"700\" height=\"350\" srcset=\"https:\/\/www.yungayino.cl\/noticias\/wp-content\/uploads\/2018\/09\/rayo_de_luna_pei_2018.jpg 700w, https:\/\/www.yungayino.cl\/noticias\/wp-content\/uploads\/2018\/09\/rayo_de_luna_pei_2018-300x150.jpg 300w\" sizes=\"auto, (max-width: 700px) 100vw, 700px\" \/><\/p>\n<p style=\"text-align: justify;\">Yungay, viernes 28 de septiembre 2018: El Jard\u00edn Infantil \u201cRayo de Luna\u201d realiz\u00f3 en las dependencias de su establecimiento ubicado en calle Tacna N\u00b0244 de nuestra comuna una importante reuni\u00f3n, donde se tomaron importantes acuerdos y decisiones en la implementaci\u00f3n de su Proyecto Educativo (PEI).<\/p>\n<p style=\"text-align: justify;\"><iframe loading=\"lazy\" style=\"border: none; overflow: hidden;\" src=\"https:\/\/www.facebook.com\/plugins\/post.php?href=https:\/\/www.facebook.com\/media\/set\/?set=a.2278065545541805&amp;type=1&amp;l=4d5375bc46&amp;l=a77e327dc6&amp;l=f5951f1994&amp;l=bfecbb8adf&amp;l=687b6bf5da&amp;width=500&amp;show_text=true&amp;height=691&amp;appId\" width=\"500\" height=\"691\" frameborder=\"0\" scrolling=\"no\"><\/iframe><\/p>\n<p style=\"text-align: justify;\"><strong>Srta. Yenny Cuiti\u00f1o O\u00f1ate<\/strong>, Directora del Jard\u00edn Infantil \u201cRayo de Luna\u201d, destac\u00f3 al Equipo del Portal Yungayino.cl que durante la jornada se hablaron diferentes puntos, donde el objetivo de la reuni\u00f3n fue rescatar la voz de las familias y la comunidad en relaci\u00f3n a nuestro Proyecto Educativo Institucional.<\/p>\n<p style=\"text-align: justify;\">Tambi\u00e9n destac\u00f3 que es de suma importancia mantener una estrecha alianza con las familias y comunidad para obtener una educaci\u00f3n de calidad, donde la participaci\u00f3n de ambas es fundamental para llevar a cabo su Proyecto Educativo (PEI).<\/p>\n<p style=\"text-align: justify;\">[su_button url=\u00bbhttps:\/\/www.facebook.com\/media\/set\/?set=a.2278065545541805&amp;type=1&amp;l=4d5375bc46&#8243; target=\u00bbblank\u00bb size=\u00bb7&#8243; radius=\u00bbround\u00bb icon=\u00bbicon: facebook-square\u00bb]FOTOGRAF\u00cdAS &#8211; Jard\u00edn Infantil \u201cRayo de Luna\u201d de Yungay Realiz\u00f3 Reuni\u00f3n Informativa de su Proyecto Educativo Institucional (PEI)[\/su_button]<\/p>\n","protected":false},"excerpt":{"rendered":"<p>Yungay, viernes 28 de septiembre 2018: El Jard\u00edn Infantil \u201cRayo de Luna\u201d realiz\u00f3 en las dependencias de su establecimiento ubicado en calle Tacna N\u00b0244 de nuestra comuna una importante reuni\u00f3n, donde se tomaron importantes&#46;&#46;&#46;<\/p>\n","protected":false},"author":2,"featured_media":19734,"comment_status":"closed","ping_status":"open","sticky":false,"template":"","format":"standard","meta":{"footnotes":""},"categories":[1],"tags":[362,1115,1828,1435,8,6,117],"class_list":["post-19733","post","type-post","status-publish","format-standard","has-post-thumbnail","hentry","category-noticias","tag-jardin-infantil","tag-noticias","tag-pei","tag-rayo-de-luna","tag-yungay","tag-yungayino","tag-yungayinocl"],"_links":{"self":[{"href":"https:\/\/www.yungayino.cl\/noticias\/index.php?rest_route=\/wp\/v2\/posts\/19733","targetHints":{"allow":["GET"]}}],"collection":[{"href":"https:\/\/www.yungayino.cl\/noticias\/index.php?rest_route=\/wp\/v2\/posts"}],"about":[{"href":"https:\/\/www.yungayino.cl\/noticias\/index.php?rest_route=\/wp\/v2\/types\/post"}],"author":[{"embeddable":true,"href":"https:\/\/www.yungayino.cl\/noticias\/index.php?rest_route=\/wp\/v2\/users\/2"}],"replies":[{"embeddable":true,"href":"https:\/\/www.yungayino.cl\/noticias\/index.php?rest_route=%2Fwp%2Fv2%2Fcomments&post=19733"}],"version-history":[{"count":1,"href":"https:\/\/www.yungayino.cl\/noticias\/index.php?rest_route=\/wp\/v2\/posts\/19733\/revisions"}],"predecessor-version":[{"id":19735,"href":"https:\/\/www.yungayino.cl\/noticias\/index.php?rest_route=\/wp\/v2\/posts\/19733\/revisions\/19735"}],"wp:featuredmedia":[{"embeddable":true,"href":"https:\/\/www.yungayino.cl\/noticias\/index.php?rest_route=\/wp\/v2\/media\/19734"}],"wp:attachment":[{"href":"https:\/\/www.yungayino.cl\/noticias\/index.php?rest_route=%2Fwp%2Fv2%2Fmedia&parent=19733"}],"wp:term":[{"taxonomy":"category","embeddable":true,"href":"https:\/\/www.yungayino.cl\/noticias\/index.php?rest_route=%2Fwp%2Fv2%2Fcategories&post=19733"},{"taxonomy":"post_tag","embeddable":true,"href":"https:\/\/www.yungayino.cl\/noticias\/index.php?rest_route=%2Fwp%2Fv2%2Ftags&post=19733"}],"curies":[{"name":"wp","href":"https:\/\/api.w.org\/{rel}","templated":true}]}}