{"id":19770,"date":"2018-10-05T10:00:23","date_gmt":"2018-10-05T13:00:23","guid":{"rendered":"http:\/\/www.yungayino.cl\/noticias\/?p=19770"},"modified":"2018-10-06T12:39:30","modified_gmt":"2018-10-06T15:39:30","slug":"feria-saludable-se-realizo-en-yungay","status":"publish","type":"post","link":"https:\/\/www.yungayino.cl\/noticias\/?p=19770","title":{"rendered":"Feria Saludable se Realiz\u00f3 en Yungay"},"content":{"rendered":"<p><img loading=\"lazy\" decoding=\"async\" class=\"alignnone size-full wp-image-19771\" src=\"http:\/\/www.yungayino.cl\/noticias\/wp-content\/uploads\/2018\/10\/feria_saludable_201810.jpg\" alt=\"\" width=\"700\" height=\"350\" srcset=\"https:\/\/www.yungayino.cl\/noticias\/wp-content\/uploads\/2018\/10\/feria_saludable_201810.jpg 700w, https:\/\/www.yungayino.cl\/noticias\/wp-content\/uploads\/2018\/10\/feria_saludable_201810-300x150.jpg 300w\" sizes=\"auto, (max-width: 700px) 100vw, 700px\" \/><\/p>\n<p style=\"text-align: justify;\">Yungay, viernes 05 de octubre 2018: El d\u00eda jueves 04 de octubre, se desarroll\u00f3 en nuestra comuna una \u201cFeria Saludable\u201d de promoci\u00f3n para una Vida Saludable, que ten\u00eda como prop\u00f3sito contribuir al desarrollo de pol\u00edticas p\u00fablicas de nivel nacional, regional y comunal que construyan oportunidades para que las personas, familias y comunidades accedan a entornos y estilos de vida saludables.<\/p>\n<p style=\"text-align: justify;\"><iframe loading=\"lazy\" style=\"border: none; overflow: hidden;\" src=\"https:\/\/www.facebook.com\/plugins\/post.php?href=https:\/\/www.facebook.com\/media\/set\/?set=a.2287898347891858&amp;type=1&amp;l=4180b118a7&amp;l=a77e327dc6&amp;l=f5951f1994&amp;l=bfecbb8adf&amp;l=687b6bf5da&amp;width=500&amp;show_text=true&amp;height=691&amp;appId\" width=\"500\" height=\"691\" frameborder=\"0\" scrolling=\"no\"><\/iframe><\/p>\n<p style=\"text-align: justify;\">La actividad estuvo encabezada por el alcalde Sr. Rafael Cifuentes Rodr\u00edguez, el Director del CESFAM Campanario, Sr. Andr\u00e9s Albornoz, Concejales, Representantes de Carabineros, invitados especiales y p\u00fablico en general. En la ocasi\u00f3n tambi\u00e9n se realizaron presentaciones art\u00edsticas, instalaci\u00f3n de stand de los distintos organismos que componen la red comunal, los cuales conten\u00edan diversas disciplinas y proporcionaban informaci\u00f3n y consejer\u00eda sobre la promoci\u00f3n de salud y calidad de vida.<\/p>\n<p style=\"text-align: justify;\">Destacar que asistieron alumnos (as) de diferentes establecimientos educacionales de nuestra comuna, quienes pudieron disfrutar de los stands de informaci\u00f3n, arte, teatro y baile entretenido todo con el objetivo de promover estilos de vida saludable y mantener una buena salud en nuestros ni\u00f1os (as).<\/p>\n<p style=\"text-align: justify;\">[su_button url=\u00bbhttps:\/\/www.facebook.com\/media\/set\/?set=a.2287898347891858&amp;type=1&amp;l=4180b118a7&#8243; target=\u00bbblank\u00bb size=\u00bb7&#8243; radius=\u00bbround\u00bb icon=\u00bbicon: facebook-square\u00bb]FOTOGRAF\u00cdAS &#8211; Feria Saludable se Realiz\u00f3 en Yungay[\/su_button]<\/p>\n","protected":false},"excerpt":{"rendered":"<p>Yungay, viernes 05 de octubre 2018: El d\u00eda jueves 04 de octubre, se desarroll\u00f3 en nuestra comuna una \u201cFeria Saludable\u201d de promoci\u00f3n para una Vida Saludable, que ten\u00eda como prop\u00f3sito contribuir al desarrollo de&#46;&#46;&#46;<\/p>\n","protected":false},"author":2,"featured_media":19771,"comment_status":"closed","ping_status":"open","sticky":false,"template":"","format":"standard","meta":{"footnotes":""},"categories":[1,1675],"tags":[1206,1115,8,6,117],"class_list":["post-19770","post","type-post","status-publish","format-standard","has-post-thumbnail","hentry","category-noticias","category-saludc","tag-feria-saludable","tag-noticias","tag-yungay","tag-yungayino","tag-yungayinocl"],"_links":{"self":[{"href":"https:\/\/www.yungayino.cl\/noticias\/index.php?rest_route=\/wp\/v2\/posts\/19770","targetHints":{"allow":["GET"]}}],"collection":[{"href":"https:\/\/www.yungayino.cl\/noticias\/index.php?rest_route=\/wp\/v2\/posts"}],"about":[{"href":"https:\/\/www.yungayino.cl\/noticias\/index.php?rest_route=\/wp\/v2\/types\/post"}],"author":[{"embeddable":true,"href":"https:\/\/www.yungayino.cl\/noticias\/index.php?rest_route=\/wp\/v2\/users\/2"}],"replies":[{"embeddable":true,"href":"https:\/\/www.yungayino.cl\/noticias\/index.php?rest_route=%2Fwp%2Fv2%2Fcomments&post=19770"}],"version-history":[{"count":1,"href":"https:\/\/www.yungayino.cl\/noticias\/index.php?rest_route=\/wp\/v2\/posts\/19770\/revisions"}],"predecessor-version":[{"id":19772,"href":"https:\/\/www.yungayino.cl\/noticias\/index.php?rest_route=\/wp\/v2\/posts\/19770\/revisions\/19772"}],"wp:featuredmedia":[{"embeddable":true,"href":"https:\/\/www.yungayino.cl\/noticias\/index.php?rest_route=\/wp\/v2\/media\/19771"}],"wp:attachment":[{"href":"https:\/\/www.yungayino.cl\/noticias\/index.php?rest_route=%2Fwp%2Fv2%2Fmedia&parent=19770"}],"wp:term":[{"taxonomy":"category","embeddable":true,"href":"https:\/\/www.yungayino.cl\/noticias\/index.php?rest_route=%2Fwp%2Fv2%2Fcategories&post=19770"},{"taxonomy":"post_tag","embeddable":true,"href":"https:\/\/www.yungayino.cl\/noticias\/index.php?rest_route=%2Fwp%2Fv2%2Ftags&post=19770"}],"curies":[{"name":"wp","href":"https:\/\/api.w.org\/{rel}","templated":true}]}}