{"id":19773,"date":"2018-10-06T12:00:47","date_gmt":"2018-10-06T15:00:47","guid":{"rendered":"http:\/\/www.yungayino.cl\/noticias\/?p=19773"},"modified":"2018-10-06T12:37:41","modified_gmt":"2018-10-06T15:37:41","slug":"carabineros-de-yungay-cuenta-con-vehiculo-4x4","status":"publish","type":"post","link":"https:\/\/www.yungayino.cl\/noticias\/?p=19773","title":{"rendered":"Carabineros de Yungay Cuenta con Veh\u00edculo 4&#215;4"},"content":{"rendered":"<p><img loading=\"lazy\" decoding=\"async\" class=\"alignnone size-full wp-image-19774\" src=\"http:\/\/www.yungayino.cl\/noticias\/wp-content\/uploads\/2018\/10\/carabineros_camioneta_2018.jpg\" alt=\"\" width=\"700\" height=\"350\" srcset=\"https:\/\/www.yungayino.cl\/noticias\/wp-content\/uploads\/2018\/10\/carabineros_camioneta_2018.jpg 700w, https:\/\/www.yungayino.cl\/noticias\/wp-content\/uploads\/2018\/10\/carabineros_camioneta_2018-300x150.jpg 300w\" sizes=\"auto, (max-width: 700px) 100vw, 700px\" \/><\/p>\n<p style=\"text-align: justify;\">Yungay, s\u00e1bado 6 de octubre 2018: El pasado jueves 4 de octubre en el frontis de la Municipalidad de Yungay en horas de la tarde, el Mayor Sr. Rodrigo D\u00edaz Albornoz, Comisario de la Cuarta Comisar\u00eda de Yungay, junto con el alcalde Sr. Rafael Cifuentes, dieron a conocer la nueva camioneta 4&#215;4 que recibi\u00f3 Carabineros de la Cuarta Comisar\u00eda de Yungay.<\/p>\n<p style=\"text-align: justify;\"><iframe loading=\"lazy\" style=\"border: none; overflow: hidden;\" src=\"https:\/\/www.facebook.com\/plugins\/post.php?href=https:\/\/www.facebook.com\/media\/set\/?set=a.2287922407889452&amp;type=1&amp;l=c2b340703d&amp;l=a77e327dc6&amp;l=f5951f1994&amp;l=bfecbb8adf&amp;l=687b6bf5da&amp;width=500&amp;show_text=true&amp;height=691&amp;appId\" width=\"500\" height=\"691\" frameborder=\"0\" scrolling=\"no\"><\/iframe><\/p>\n<p style=\"text-align: justify;\">Este veh\u00edculo fue recibido gracias a la Gesti\u00f3n del Alcalde y Concejales, quienes viajaron a Santiago y pidieron audiencia con el Director General de Carabineros Sr. Hermes Soto, qui\u00e9n acogi\u00f3 de muy buena forma este requerimiento y aprob\u00f3 la camioneta para nuestra comuna y en menos de un mes de esta visita el veh\u00edculo policial ya se encuentra en Yungay.<\/p>\n<p style=\"text-align: justify;\">Destacar que este veh\u00edculo ser\u00e1 destinado a cubrir procedimientos especialmente en el sector rural y de dif\u00edcil acceso en nuestra comuna, especialmente en invierno, donde los caminos son complicados de transitar.<\/p>\n<p style=\"text-align: justify;\">Otra solicitud realizaba fue que debido al aumento de la poblaci\u00f3n en nuestra comuna la dotaci\u00f3n de Carabineros no alcanza para cubrir todos los requerimientos, por lo tanto el Director General de Carabineros Sr. Hermes Soto, se comprometi\u00f3 a aumentar la dotaci\u00f3n de Carabineros en nuestra comuna, se\u00f1alando que a m\u00e1s tardar se realizar\u00eda en febrero 2019.<\/p>\n<p style=\"text-align: justify;\">[su_button url=\u00bbhttps:\/\/www.facebook.com\/media\/set\/?set=a.2287922407889452&amp;type=1&amp;l=c2b340703d\u00bb target=\u00bbblank\u00bb size=\u00bb7&#8243; radius=\u00bbround\u00bb icon=\u00bbicon: facebook-square\u00bb]FOTOGRAF\u00cdAS \u2013 Carabineros de Yungay Cuenta con Veh\u00edculo 4&#215;4[\/su_button]<\/p>\n","protected":false},"excerpt":{"rendered":"<p>Yungay, s\u00e1bado 6 de octubre 2018: El pasado jueves 4 de octubre en el frontis de la Municipalidad de Yungay en horas de la tarde, el Mayor Sr. Rodrigo D\u00edaz Albornoz, Comisario de la&#46;&#46;&#46;<\/p>\n","protected":false},"author":2,"featured_media":19774,"comment_status":"closed","ping_status":"open","sticky":false,"template":"","format":"standard","meta":{"footnotes":""},"categories":[1],"tags":[25,1115,8,6,117],"class_list":["post-19773","post","type-post","status-publish","format-standard","has-post-thumbnail","hentry","category-noticias","tag-carabineros","tag-noticias","tag-yungay","tag-yungayino","tag-yungayinocl"],"_links":{"self":[{"href":"https:\/\/www.yungayino.cl\/noticias\/index.php?rest_route=\/wp\/v2\/posts\/19773","targetHints":{"allow":["GET"]}}],"collection":[{"href":"https:\/\/www.yungayino.cl\/noticias\/index.php?rest_route=\/wp\/v2\/posts"}],"about":[{"href":"https:\/\/www.yungayino.cl\/noticias\/index.php?rest_route=\/wp\/v2\/types\/post"}],"author":[{"embeddable":true,"href":"https:\/\/www.yungayino.cl\/noticias\/index.php?rest_route=\/wp\/v2\/users\/2"}],"replies":[{"embeddable":true,"href":"https:\/\/www.yungayino.cl\/noticias\/index.php?rest_route=%2Fwp%2Fv2%2Fcomments&post=19773"}],"version-history":[{"count":2,"href":"https:\/\/www.yungayino.cl\/noticias\/index.php?rest_route=\/wp\/v2\/posts\/19773\/revisions"}],"predecessor-version":[{"id":19776,"href":"https:\/\/www.yungayino.cl\/noticias\/index.php?rest_route=\/wp\/v2\/posts\/19773\/revisions\/19776"}],"wp:featuredmedia":[{"embeddable":true,"href":"https:\/\/www.yungayino.cl\/noticias\/index.php?rest_route=\/wp\/v2\/media\/19774"}],"wp:attachment":[{"href":"https:\/\/www.yungayino.cl\/noticias\/index.php?rest_route=%2Fwp%2Fv2%2Fmedia&parent=19773"}],"wp:term":[{"taxonomy":"category","embeddable":true,"href":"https:\/\/www.yungayino.cl\/noticias\/index.php?rest_route=%2Fwp%2Fv2%2Fcategories&post=19773"},{"taxonomy":"post_tag","embeddable":true,"href":"https:\/\/www.yungayino.cl\/noticias\/index.php?rest_route=%2Fwp%2Fv2%2Ftags&post=19773"}],"curies":[{"name":"wp","href":"https:\/\/api.w.org\/{rel}","templated":true}]}}