{"id":19778,"date":"2018-10-07T18:00:56","date_gmt":"2018-10-07T21:00:56","guid":{"rendered":"http:\/\/www.yungayino.cl\/noticias\/?p=19778"},"modified":"2018-10-07T20:45:11","modified_gmt":"2018-10-07T23:45:11","slug":"acto-oficial-dia-del-hospital-en-yungay","status":"publish","type":"post","link":"https:\/\/www.yungayino.cl\/noticias\/?p=19778","title":{"rendered":"Acto Oficial \u201cD\u00eda del Hospital\u201d en Yungay"},"content":{"rendered":"<p><img loading=\"lazy\" decoding=\"async\" class=\"alignnone size-full wp-image-19779\" src=\"http:\/\/www.yungayino.cl\/noticias\/wp-content\/uploads\/2018\/10\/hospital_aniversario_2018.jpg\" alt=\"\" width=\"700\" height=\"350\" srcset=\"https:\/\/www.yungayino.cl\/noticias\/wp-content\/uploads\/2018\/10\/hospital_aniversario_2018.jpg 700w, https:\/\/www.yungayino.cl\/noticias\/wp-content\/uploads\/2018\/10\/hospital_aniversario_2018-300x150.jpg 300w\" sizes=\"auto, (max-width: 700px) 100vw, 700px\" \/><\/p>\n<p style=\"text-align: justify;\">Yungay, domingo 07 de octubre 2018: El pasado viernes 05 de octubre se realiz\u00f3 en el frontis del Hospital Comunitario de Salud Familiar Pedro Morales Campos, el acto oficial con motivo de la celebraci\u00f3n del \u201cD\u00eda Nacional del Hospital\u201d.<\/p>\n<p style=\"text-align: justify;\"><iframe loading=\"lazy\" style=\"border: none; overflow: hidden;\" src=\"https:\/\/www.facebook.com\/plugins\/post.php?href=https:\/\/www.facebook.com\/media\/set\/?set=a.2289994811015545&amp;type=1&amp;l=10801774e1&amp;l=a77e327dc6&amp;l=f5951f1994&amp;l=bfecbb8adf&amp;l=687b6bf5da&amp;width=500&amp;show_text=true&amp;height=691&amp;appId\" width=\"500\" height=\"691\" frameborder=\"0\" scrolling=\"no\"><\/iframe><\/p>\n<p style=\"text-align: justify;\">Con la entonaci\u00f3n del Himno Nacional se dio inicio al acto, el cual fue presidido por su Directora (S) Srta. Jocelyn Pavez Cuadra y a la cu\u00e1l concurrieron el alcalde Sr. Rafael Cifuentes Rodr\u00edguez, el Director del Servicio de Salud \u00d1uble, Sr. Ricardo Opazo, Concejales, Carabineros, Bomberos, Funcionarios e Invitados Especiales.<\/p>\n<p style=\"text-align: justify;\">La Directora (S) Srta. Jocelyn Pavez, agradeci\u00f3 el apoyo dado por los funcionarios y la comunidad durante este tiempo que ha cumplido su funci\u00f3n y destac\u00f3 la labor que realiza el Hospital Comunitario de Salud Familiar Pedro Morales Campos y cada uno de sus funcionarios con el prop\u00f3sito de garantizar una buena calidad de salud para toda la comunidad.<\/p>\n<p style=\"text-align: justify;\">En el acto tambi\u00e9n fueron reconocidos los funcionarios por los a\u00f1os de servicio cumplidos y su gran aporte, adem\u00e1s de trayectoria en el establecimiento hospitalario como la Sra. Ruth Maldonado con 25 a\u00f1os, Sr. Mois\u00e9s Sandoval y Sr. Manuel Quezada con 30 a\u00f1os y Srta. Judith Torres con 40 a\u00f1os.<\/p>\n<p style=\"text-align: justify;\">Se\u00f1alar la participaci\u00f3n de los Alumnos del Colegio Nueva Esperanza, quienes realizaron la Poes\u00eda \u201cLa Negra\u201d, el Ballet Folcl\u00f3rico de la Escuela Fernando Baquedano y la Agrupaci\u00f3n de Adultos Mayores ANDALICAN.<\/p>\n<p style=\"text-align: justify;\">Finalmente los presentes compartieron un c\u00f3ctel especialmente preparado para la ocasi\u00f3n.<\/p>\n<p style=\"text-align: justify;\">[su_button url=\u00bbhttps:\/\/www.facebook.com\/media\/set\/?set=a.2289994811015545&amp;type=1&amp;l=10801774e1&#8243; target=\u00bbblank\u00bb size=\u00bb7&#8243; radius=\u00bbround\u00bb icon=\u00bbicon: facebook-square\u00bb]FOTOGRAF\u00cdAS \u2013 Acto Oficial \u201cD\u00eda del Hospital\u201d en Yungay[\/su_button]<\/p>\n<p>&nbsp;<\/p>\n","protected":false},"excerpt":{"rendered":"<p>Yungay, domingo 07 de octubre 2018: El pasado viernes 05 de octubre se realiz\u00f3 en el frontis del Hospital Comunitario de Salud Familiar Pedro Morales Campos, el acto oficial con motivo de la celebraci\u00f3n&#46;&#46;&#46;<\/p>\n","protected":false},"author":2,"featured_media":19779,"comment_status":"closed","ping_status":"open","sticky":false,"template":"","format":"standard","meta":{"footnotes":""},"categories":[3,1,1675],"tags":[298,340,1115,8,6,117],"class_list":["post-19778","post","type-post","status-publish","format-standard","has-post-thumbnail","hentry","category-actualidad","category-noticias","category-saludc","tag-aniversario","tag-hospital-yungay","tag-noticias","tag-yungay","tag-yungayino","tag-yungayinocl"],"_links":{"self":[{"href":"https:\/\/www.yungayino.cl\/noticias\/index.php?rest_route=\/wp\/v2\/posts\/19778","targetHints":{"allow":["GET"]}}],"collection":[{"href":"https:\/\/www.yungayino.cl\/noticias\/index.php?rest_route=\/wp\/v2\/posts"}],"about":[{"href":"https:\/\/www.yungayino.cl\/noticias\/index.php?rest_route=\/wp\/v2\/types\/post"}],"author":[{"embeddable":true,"href":"https:\/\/www.yungayino.cl\/noticias\/index.php?rest_route=\/wp\/v2\/users\/2"}],"replies":[{"embeddable":true,"href":"https:\/\/www.yungayino.cl\/noticias\/index.php?rest_route=%2Fwp%2Fv2%2Fcomments&post=19778"}],"version-history":[{"count":1,"href":"https:\/\/www.yungayino.cl\/noticias\/index.php?rest_route=\/wp\/v2\/posts\/19778\/revisions"}],"predecessor-version":[{"id":19780,"href":"https:\/\/www.yungayino.cl\/noticias\/index.php?rest_route=\/wp\/v2\/posts\/19778\/revisions\/19780"}],"wp:featuredmedia":[{"embeddable":true,"href":"https:\/\/www.yungayino.cl\/noticias\/index.php?rest_route=\/wp\/v2\/media\/19779"}],"wp:attachment":[{"href":"https:\/\/www.yungayino.cl\/noticias\/index.php?rest_route=%2Fwp%2Fv2%2Fmedia&parent=19778"}],"wp:term":[{"taxonomy":"category","embeddable":true,"href":"https:\/\/www.yungayino.cl\/noticias\/index.php?rest_route=%2Fwp%2Fv2%2Fcategories&post=19778"},{"taxonomy":"post_tag","embeddable":true,"href":"https:\/\/www.yungayino.cl\/noticias\/index.php?rest_route=%2Fwp%2Fv2%2Ftags&post=19778"}],"curies":[{"name":"wp","href":"https:\/\/api.w.org\/{rel}","templated":true}]}}