{"id":19859,"date":"2018-10-23T23:00:13","date_gmt":"2018-10-24T02:00:13","guid":{"rendered":"http:\/\/www.yungayino.cl\/noticias\/?p=19859"},"modified":"2018-10-24T18:58:43","modified_gmt":"2018-10-24T21:58:43","slug":"empresas-forestales-destinan-us85-millones-a-prevencion-y-combate-de-incendios","status":"publish","type":"post","link":"https:\/\/www.yungayino.cl\/noticias\/?p=19859","title":{"rendered":"Empresas Forestales Destinan US$85 millones a Prevenci\u00f3n y Combate de Incendios"},"content":{"rendered":"<p><img loading=\"lazy\" decoding=\"async\" class=\"alignnone size-full wp-image-19860\" src=\"http:\/\/www.yungayino.cl\/noticias\/wp-content\/uploads\/2018\/10\/forestal_201810.jpg\" alt=\"\" width=\"700\" height=\"331\" srcset=\"https:\/\/www.yungayino.cl\/noticias\/wp-content\/uploads\/2018\/10\/forestal_201810.jpg 700w, https:\/\/www.yungayino.cl\/noticias\/wp-content\/uploads\/2018\/10\/forestal_201810-300x142.jpg 300w, https:\/\/www.yungayino.cl\/noticias\/wp-content\/uploads\/2018\/10\/forestal_201810-317x150.jpg 317w, https:\/\/www.yungayino.cl\/noticias\/wp-content\/uploads\/2018\/10\/forestal_201810-520x245.jpg 520w\" sizes=\"auto, (max-width: 700px) 100vw, 700px\" \/><\/p>\n<p style=\"text-align: justify;\">Nacional, Octubre 2018: Una cifra del orden de 85 millones de d\u00f3lares gastar\u00e1n las empresas forestales este a\u00f1o en la prevenci\u00f3n y combate de incendios, lo que representa un aumento del 60% respecto al promedio de los \u00faltimos 10 a\u00f1os, inform\u00f3 el Presidente de la Corporaci\u00f3n Chilena de la Madera <strong>CORMA<\/strong>, Juan Jos\u00e9 Ugarte, en la Presentaci\u00f3n del \u201cPlan Nacional 2018-2019 de prevenci\u00f3n y combate de incendios forestales\u201d que encabez\u00f3 esta semana el Presidente Sebasti\u00e1n Pi\u00f1era, en el Cerro San Crist\u00f3bal de la capital.<\/p>\n<p style=\"text-align: justify;\">\u201cTodos los esfuerzos de coordinaci\u00f3n con CONAF y actores p\u00fablicos, as\u00ed como los recursos destinados tiene un solo fin: proteger a las personas y sus viviendas, instalaciones y bosques y, en ese orden\u201d, expres\u00f3 el presidente de CORMA, Juan Jos\u00e9 Ugarte.<\/p>\n<p style=\"text-align: justify;\"><iframe loading=\"lazy\" style=\"border: none; overflow: hidden;\" src=\"https:\/\/www.facebook.com\/plugins\/post.php?href=https:\/\/www.facebook.com\/media\/set\/?set=a.2312782125403480&amp;type=1&amp;l=379edd6063&amp;l=a77e327dc6&amp;l=f5951f1994&amp;l=bfecbb8adf&amp;l=687b6bf5da&amp;width=500&amp;show_text=true&amp;height=691&amp;appId\" width=\"500\" height=\"691\" frameborder=\"0\" scrolling=\"no\"><\/iframe><\/p>\n<p style=\"text-align: justify;\">Para esta temporada las empresas forestales aumentaron en un 17% la dotaci\u00f3n para la prevenci\u00f3n y combate de incendios rurales. En total m\u00e1s de 3 mil personas estar\u00e1n dedicadas a esta tarea, de las cuales 2.500 son brigadistas que han pasado por un estricto proceso de selecci\u00f3n y capacitaci\u00f3n. Adem\u00e1s, se capacit\u00f3 en combate de incendios a otras 2.000 personas que trabajan en labores silv\u00edcolas en empresas forestales.<\/p>\n<p style=\"text-align: justify;\">Asimismo, por segundo a\u00f1o consecutivo las empresas dispondr\u00e1n de brigadas nocturnas, que est\u00e1n capacitadas para desarrollar labores de combate, contenci\u00f3n y liquidaci\u00f3n del fuego, en condiciones de baja visibilidad y sin apoyo de unidades a\u00e9reas.<\/p>\n<p style=\"text-align: justify;\">Respecto a los recursos que emplear\u00e1 el sector privado esta temporada, indic\u00f3 que habr\u00e1 una flota de 51 aeronaves (25 aviones, 23 helic\u00f3pteros y 3 helic\u00f3pteros pesados de 10 mil litros cada uno) y 35 bases de cargu\u00edos para proveer de agua a las brigadas y, que en particular, \u201clas aeronaves pesadas se enfocar\u00e1n fundamentalmente en las zonas de interfaz y as\u00ed velar por la protecci\u00f3n de los centros poblados\u201d.<\/p>\n<p style=\"text-align: justify;\">[su_button url=\u00bbhttps:\/\/www.facebook.com\/media\/set\/?set=a.2312782125403480&amp;type=1&amp;l=379edd6063&#8243; target=\u00bbblank\u00bb size=\u00bb7&#8243; radius=\u00bbround\u00bb icon=\u00bbicon: facebook-square\u00bb]FOTOGRAF\u00cdAS &#8211; Empresas Forestales Destinan US$85 millones a Prevenci\u00f3n y Combate de Incendios[\/su_button]<\/p>\n","protected":false},"excerpt":{"rendered":"<p>Nacional, Octubre 2018: Una cifra del orden de 85 millones de d\u00f3lares gastar\u00e1n las empresas forestales este a\u00f1o en la prevenci\u00f3n y combate de incendios, lo que representa un aumento del 60% respecto al&#46;&#46;&#46;<\/p>\n","protected":false},"author":2,"featured_media":19860,"comment_status":"closed","ping_status":"open","sticky":false,"template":"","format":"standard","meta":{"footnotes":""},"categories":[1],"tags":[1850,1115,8,6,117],"class_list":["post-19859","post","type-post","status-publish","format-standard","has-post-thumbnail","hentry","category-noticias","tag-forestal","tag-noticias","tag-yungay","tag-yungayino","tag-yungayinocl"],"_links":{"self":[{"href":"https:\/\/www.yungayino.cl\/noticias\/index.php?rest_route=\/wp\/v2\/posts\/19859","targetHints":{"allow":["GET"]}}],"collection":[{"href":"https:\/\/www.yungayino.cl\/noticias\/index.php?rest_route=\/wp\/v2\/posts"}],"about":[{"href":"https:\/\/www.yungayino.cl\/noticias\/index.php?rest_route=\/wp\/v2\/types\/post"}],"author":[{"embeddable":true,"href":"https:\/\/www.yungayino.cl\/noticias\/index.php?rest_route=\/wp\/v2\/users\/2"}],"replies":[{"embeddable":true,"href":"https:\/\/www.yungayino.cl\/noticias\/index.php?rest_route=%2Fwp%2Fv2%2Fcomments&post=19859"}],"version-history":[{"count":2,"href":"https:\/\/www.yungayino.cl\/noticias\/index.php?rest_route=\/wp\/v2\/posts\/19859\/revisions"}],"predecessor-version":[{"id":19866,"href":"https:\/\/www.yungayino.cl\/noticias\/index.php?rest_route=\/wp\/v2\/posts\/19859\/revisions\/19866"}],"wp:featuredmedia":[{"embeddable":true,"href":"https:\/\/www.yungayino.cl\/noticias\/index.php?rest_route=\/wp\/v2\/media\/19860"}],"wp:attachment":[{"href":"https:\/\/www.yungayino.cl\/noticias\/index.php?rest_route=%2Fwp%2Fv2%2Fmedia&parent=19859"}],"wp:term":[{"taxonomy":"category","embeddable":true,"href":"https:\/\/www.yungayino.cl\/noticias\/index.php?rest_route=%2Fwp%2Fv2%2Fcategories&post=19859"},{"taxonomy":"post_tag","embeddable":true,"href":"https:\/\/www.yungayino.cl\/noticias\/index.php?rest_route=%2Fwp%2Fv2%2Ftags&post=19859"}],"curies":[{"name":"wp","href":"https:\/\/api.w.org\/{rel}","templated":true}]}}