{"id":1986,"date":"2009-09-18T23:30:00","date_gmt":"2009-09-19T03:30:00","guid":{"rendered":"http:\/\/www.yungayino.cl\/noticias\/?p=1986"},"modified":"2009-09-21T11:15:10","modified_gmt":"2009-09-21T15:15:10","slug":"actividades-de-fiestas-patrias-realizadas-en-yungay","status":"publish","type":"post","link":"https:\/\/www.yungayino.cl\/noticias\/?p=1986","title":{"rendered":"Actividades de Fiestas Patrias Realizadas en Yungay"},"content":{"rendered":"<p><img decoding=\"async\" src=\"http:\/\/www.yungayino.cl\/imagenes\/fiestaspatriasyungay.jpg\" alt=\"Actividades de Fiestas Patrias Realizadas en Yungay \" \/><\/p>\n<p align=\"justify\"><font size=\"2\">En Yungay se realizaron una serie de actividades con motivo de celebrar estas Fiestas Patrias, muchas alternativas para todos los gustos, con la intenci\u00f3n de realizar una celebraci\u00f3n en familia y en un ambiente grato. A continuaci\u00f3n disfrute del resumen fotogr\u00e1fico que  el Equipo del Portal saco de las diferentes actividades de Fiestas Patrias 2009 y donde puede enviar sus comentarios.<br \/>\n<a href=\"http:\/\/www.yungayino.cl\/noticias\/?p=1986#comments\">Comente Aqu\u00ed<\/a><\/p>\n<p><strong>FOTOGRAF\u00cfAS:<\/strong><br \/>\n<a href=\"http:\/\/www.flickr.com\/photos\/42502428@N04\/tags\/cuecatonliceoyungay\/\">Cuecat\u00f3n Liceo Yungay<\/a><br \/>\n<a href=\"http:\/\/www.flickr.com\/photos\/42613344@N03\/tags\/campanario17septiembre\/\">Desfile en Campanario<\/a><br \/>\n<a href=\"http:\/\/www.flickr.com\/photos\/42774808@N08\/tags\/ramadasrurales\/\">Inauguraci\u00f3n Ramadas Sector Rural<\/a><br \/>\n<a href=\"http:\/\/www.flickr.com\/photos\/42502428@N04\/tags\/ramadasurbanas\/\">Inauguraci\u00f3n Ramadas Sector Urbano<\/a><br \/>\n<a href=\"http:\/\/www.flickr.com\/photos\/42502428@N04\/tags\/desfilefiestaspatrias\/\">Desfile en Yungay<\/a><br \/>\n<a href=\"http:\/\/www.flickr.com\/photos\/42774808@N08\/tags\/juegostipicosyungay\/\">Juegos T\u00edpicos en Yungay<\/a><br \/>\n<a href=\"http:\/\/www.flickr.com\/photos\/42774808@N08\/tags\/ramadas\/\">Carreras y Ramadas<\/a><\/font><\/p>\n","protected":false},"excerpt":{"rendered":"<p>En Yungay se realizaron una serie de actividades con motivo de celebrar estas Fiestas Patrias, muchas alternativas para todos los gustos, con la intenci\u00f3n de realizar una celebraci\u00f3n en familia y en un ambiente&#46;&#46;&#46;<\/p>\n","protected":false},"author":2,"featured_media":15110,"comment_status":"open","ping_status":"open","sticky":false,"template":"","format":"standard","meta":{"footnotes":""},"categories":[1],"tags":[31,1115,8,6],"class_list":["post-1986","post","type-post","status-publish","format-standard","has-post-thumbnail","hentry","category-noticias","tag-campanario","tag-noticias","tag-yungay","tag-yungayino"],"_links":{"self":[{"href":"https:\/\/www.yungayino.cl\/noticias\/index.php?rest_route=\/wp\/v2\/posts\/1986","targetHints":{"allow":["GET"]}}],"collection":[{"href":"https:\/\/www.yungayino.cl\/noticias\/index.php?rest_route=\/wp\/v2\/posts"}],"about":[{"href":"https:\/\/www.yungayino.cl\/noticias\/index.php?rest_route=\/wp\/v2\/types\/post"}],"author":[{"embeddable":true,"href":"https:\/\/www.yungayino.cl\/noticias\/index.php?rest_route=\/wp\/v2\/users\/2"}],"replies":[{"embeddable":true,"href":"https:\/\/www.yungayino.cl\/noticias\/index.php?rest_route=%2Fwp%2Fv2%2Fcomments&post=1986"}],"version-history":[{"count":21,"href":"https:\/\/www.yungayino.cl\/noticias\/index.php?rest_route=\/wp\/v2\/posts\/1986\/revisions"}],"predecessor-version":[{"id":2016,"href":"https:\/\/www.yungayino.cl\/noticias\/index.php?rest_route=\/wp\/v2\/posts\/1986\/revisions\/2016"}],"wp:featuredmedia":[{"embeddable":true,"href":"https:\/\/www.yungayino.cl\/noticias\/index.php?rest_route=\/wp\/v2\/media\/15110"}],"wp:attachment":[{"href":"https:\/\/www.yungayino.cl\/noticias\/index.php?rest_route=%2Fwp%2Fv2%2Fmedia&parent=1986"}],"wp:term":[{"taxonomy":"category","embeddable":true,"href":"https:\/\/www.yungayino.cl\/noticias\/index.php?rest_route=%2Fwp%2Fv2%2Fcategories&post=1986"},{"taxonomy":"post_tag","embeddable":true,"href":"https:\/\/www.yungayino.cl\/noticias\/index.php?rest_route=%2Fwp%2Fv2%2Ftags&post=1986"}],"curies":[{"name":"wp","href":"https:\/\/api.w.org\/{rel}","templated":true}]}}