{"id":19871,"date":"2018-10-25T07:30:00","date_gmt":"2018-10-25T10:30:00","guid":{"rendered":"http:\/\/www.yungayino.cl\/noticias\/?p=19871"},"modified":"2018-10-24T19:15:56","modified_gmt":"2018-10-24T22:15:56","slug":"intendencia-de-nuble-y-carabineros-de-chile-analizan-los-desafios-de-seguridad-para-la-region","status":"publish","type":"post","link":"https:\/\/www.yungayino.cl\/noticias\/?p=19871","title":{"rendered":"Intendencia de \u00d1uble y Carabineros de Chile Analizan los Desaf\u00edos de Seguridad para la Regi\u00f3n"},"content":{"rendered":"<p><img loading=\"lazy\" decoding=\"async\" class=\"alignnone size-full wp-image-19872\" src=\"http:\/\/www.yungayino.cl\/noticias\/wp-content\/uploads\/2018\/10\/intendente_201810.jpg\" alt=\"\" width=\"700\" height=\"350\" srcset=\"https:\/\/www.yungayino.cl\/noticias\/wp-content\/uploads\/2018\/10\/intendente_201810.jpg 700w, https:\/\/www.yungayino.cl\/noticias\/wp-content\/uploads\/2018\/10\/intendente_201810-300x150.jpg 300w\" sizes=\"auto, (max-width: 700px) 100vw, 700px\" \/><\/p>\n<p style=\"text-align: justify;\">Regional, jueves 25 de octubre 2018: Esta ma\u00f1ana el Intendente Mart\u00edn Arrau recibi\u00f3 el saludo protocolar del Primer Jefe de la XVI\u00a0 Zona de Carabineros \u00d1uble, General Mario Sep\u00falveda, donde\u00a0 analizaron, en conjunto, los desaf\u00edos en materia de seguridad de la regi\u00f3n y,\u00a0 a su vez, revisaron\u00a0 los proyectos que permitir\u00e1n a la Instituci\u00f3n constituirse con m\u00e1s herramientas en la nueva divisi\u00f3n territorial.<\/p>\n<p style=\"text-align: justify;\">El General Sep\u00falveda coment\u00f3 que junto con presentar los saludos respectivos coordinaron algunas actividades de seguridad p\u00fablica \u201cen relaci\u00f3n con la implementaci\u00f3n de los servicios policiales en la regi\u00f3n, con la finalidad de bajar los \u00edndices de criminalidad y dar una mayor sensaci\u00f3n de seguridad a la comunidad\u201d.<\/p>\n<p style=\"text-align: justify;\">Por su parte, el Intendente Arrau se\u00f1al\u00f3 que comentaron la importancia del trabajo coordinado para continuar con la tendencia a la baja de las cifras de hechos delictuales en nuestra regi\u00f3n.\u00a0 Agreg\u00f3 que \u201ctenemos una reducci\u00f3n de los delitos y un aumento de los detenidos, pero estamos muy conscientes, tal como lo ha pedido el Presidente Pi\u00f1era, que la Seguridad es uno de los grandes acuerdos nacionales, por eso debemos seguir trabajando y no descansar hasta que toda la ciudadan\u00eda recupere esa sensaci\u00f3n de paz y tranquilidad\u201d. Por ello, analizaron los proyectos que est\u00e1n considerados para el pr\u00f3ximo a\u00f1o, a fin de apoyar a Carabineros a trav\u00e9s del Gobierno Regional y continuar as\u00ed, otorgando seguridad a los vecinos de \u00d1uble.<\/p>\n<p style=\"text-align: justify;\">Cabe recordar que hace una semana se realiz\u00f3 la regi\u00f3n, la evaluaci\u00f3n de los seis primeros meses de implementado el\u00a0 Sistema T\u00e1ctico de Operaci\u00f3n Policial (STOP),\u00a0 donde se evidenci\u00f3 que los delitos de mayor connotaci\u00f3n\u00a0 mostraban una baja del 3%, lo que se tradujo en que 246 personas menos fueron v\u00edctimas de delitos en \u00d1uble.<\/p>\n","protected":false},"excerpt":{"rendered":"<p>Regional, jueves 25 de octubre 2018: Esta ma\u00f1ana el Intendente Mart\u00edn Arrau recibi\u00f3 el saludo protocolar del Primer Jefe de la XVI\u00a0 Zona de Carabineros \u00d1uble, General Mario Sep\u00falveda, donde\u00a0 analizaron, en conjunto, los&#46;&#46;&#46;<\/p>\n","protected":false},"author":2,"featured_media":19872,"comment_status":"closed","ping_status":"open","sticky":false,"template":"","format":"standard","meta":{"footnotes":""},"categories":[3,1],"tags":[1851,1115,8,6,117],"class_list":["post-19871","post","type-post","status-publish","format-standard","has-post-thumbnail","hentry","category-actualidad","category-noticias","tag-intendente","tag-noticias","tag-yungay","tag-yungayino","tag-yungayinocl"],"_links":{"self":[{"href":"https:\/\/www.yungayino.cl\/noticias\/index.php?rest_route=\/wp\/v2\/posts\/19871","targetHints":{"allow":["GET"]}}],"collection":[{"href":"https:\/\/www.yungayino.cl\/noticias\/index.php?rest_route=\/wp\/v2\/posts"}],"about":[{"href":"https:\/\/www.yungayino.cl\/noticias\/index.php?rest_route=\/wp\/v2\/types\/post"}],"author":[{"embeddable":true,"href":"https:\/\/www.yungayino.cl\/noticias\/index.php?rest_route=\/wp\/v2\/users\/2"}],"replies":[{"embeddable":true,"href":"https:\/\/www.yungayino.cl\/noticias\/index.php?rest_route=%2Fwp%2Fv2%2Fcomments&post=19871"}],"version-history":[{"count":1,"href":"https:\/\/www.yungayino.cl\/noticias\/index.php?rest_route=\/wp\/v2\/posts\/19871\/revisions"}],"predecessor-version":[{"id":19873,"href":"https:\/\/www.yungayino.cl\/noticias\/index.php?rest_route=\/wp\/v2\/posts\/19871\/revisions\/19873"}],"wp:featuredmedia":[{"embeddable":true,"href":"https:\/\/www.yungayino.cl\/noticias\/index.php?rest_route=\/wp\/v2\/media\/19872"}],"wp:attachment":[{"href":"https:\/\/www.yungayino.cl\/noticias\/index.php?rest_route=%2Fwp%2Fv2%2Fmedia&parent=19871"}],"wp:term":[{"taxonomy":"category","embeddable":true,"href":"https:\/\/www.yungayino.cl\/noticias\/index.php?rest_route=%2Fwp%2Fv2%2Fcategories&post=19871"},{"taxonomy":"post_tag","embeddable":true,"href":"https:\/\/www.yungayino.cl\/noticias\/index.php?rest_route=%2Fwp%2Fv2%2Ftags&post=19871"}],"curies":[{"name":"wp","href":"https:\/\/api.w.org\/{rel}","templated":true}]}}