{"id":19882,"date":"2018-10-26T15:00:02","date_gmt":"2018-10-26T18:00:02","guid":{"rendered":"http:\/\/www.yungayino.cl\/noticias\/?p=19882"},"modified":"2018-10-26T15:18:52","modified_gmt":"2018-10-26T18:18:52","slug":"ninos-y-ninas-de-yungay-participaron-de-marcha-por-el-buen-trato-hacia-la-infancia","status":"publish","type":"post","link":"https:\/\/www.yungayino.cl\/noticias\/?p=19882","title":{"rendered":"Ni\u00f1os y Ni\u00f1as de Yungay Participaron de Marcha por el \u201cBuen Trato\u201d Hacia la Infancia"},"content":{"rendered":"<p><img loading=\"lazy\" decoding=\"async\" class=\"alignnone size-full wp-image-19883\" src=\"http:\/\/www.yungayino.cl\/noticias\/wp-content\/uploads\/2018\/10\/marcha_buen_trato.jpg\" alt=\"\" width=\"700\" height=\"350\" srcset=\"https:\/\/www.yungayino.cl\/noticias\/wp-content\/uploads\/2018\/10\/marcha_buen_trato.jpg 700w, https:\/\/www.yungayino.cl\/noticias\/wp-content\/uploads\/2018\/10\/marcha_buen_trato-300x150.jpg 300w\" sizes=\"auto, (max-width: 700px) 100vw, 700px\" \/><\/p>\n<p style=\"text-align: justify;\">Yungay, viernes 26 de octubre 2018: En la Plaza Iquique de nuestra comuna ayer jueves 25 se llev\u00f3 a cabo una marcha por el <strong>\u201cBuen Trato\u201d<\/strong> hacia la infancia, donde participaron ni\u00f1os y ni\u00f1as del Jard\u00edn Infantil Rayo de Luna, el Jard\u00edn Infantil y Sala de Cuna Verde Amanecer, Colegio Nueva Esperanza y Colegio Divina Pastora.<\/p>\n<p style=\"text-align: justify;\"><iframe loading=\"lazy\" style=\"border: none; overflow: hidden;\" src=\"https:\/\/www.facebook.com\/plugins\/post.php?href=https:\/\/www.facebook.com\/media\/set\/?set=a.2315150938499932&amp;type=1&amp;l=5930807f4f&amp;l=a77e327dc6&amp;l=f5951f1994&amp;l=bfecbb8adf&amp;l=687b6bf5da&amp;width=500&amp;show_text=true&amp;height=691&amp;appId\" width=\"500\" height=\"691\" frameborder=\"0\" scrolling=\"no\"><\/iframe><\/p>\n<p style=\"text-align: justify;\">La actividad estuvo liderada por Sra. Mar\u00eda Riquelme, Asistente Social y Coordinadora de la Oficina de Protecci\u00f3n de Derechos de Infancia (OPD), adem\u00e1s de la asistencia y participaci\u00f3n del Concejal Sr. Ricardo Ramos, quienes marcharon junto a los ni\u00f1os y ni\u00f1as por la Plaza de Armas de Yungay portando carteles alusivos a sus derechos y peticiones haciendo un llamado a la comunidad a respetar sus derechos e invitando a las familias a ser parte de su desarrollo y educaci\u00f3n.<\/p>\n<p style=\"text-align: justify;\"><strong>Sra. Mar\u00eda Riquelme<\/strong>, Asistente Social y Coordinadora de la Oficina de Protecci\u00f3n de Derechos de Infancia, se\u00f1al\u00f3 al Equipo del Portal Yungayino.cl, que en Yungay hay una Red de Infancia organizada, donde la OPD Laja Diguill\u00edn la lidera, en que se realizan m\u00faltiples actividades en pos del bienestar de los ni\u00f1os (as), y es por eso que hoy se realiz\u00f3 esta marcha de sensibilizaci\u00f3n por <strong>\u201cEl Buen Trato<\/strong>\u00ab, la cual contempl\u00f3 un recorrido por toda la plaza de nuestra comuna como una forma de sensibilizar a la comunidad respecto a la importancia de tener un trato digno y respetuoso hacia los m\u00e1s peque\u00f1os.<\/p>\n<p style=\"text-align: justify;\">[su_button url=\u00bbhttps:\/\/www.facebook.com\/media\/set\/?set=a.2315150938499932&amp;type=1&amp;l=5930807f4f\u00bb target=\u00bbblank\u00bb size=\u00bb7&#8243; radius=\u00bbround\u00bb icon=\u00bbicon: facebook-square\u00bb]FOTOGRAF\u00cdAS &#8211; Ni\u00f1os y Ni\u00f1as de Yungay Participaron de Marcha por el \u201cBuen Trato\u201d Hacia la Infancia[\/su_button]<\/p>\n<p>&nbsp;<\/p>\n","protected":false},"excerpt":{"rendered":"<p>Yungay, viernes 26 de octubre 2018: En la Plaza Iquique de nuestra comuna ayer jueves 25 se llev\u00f3 a cabo una marcha por el \u201cBuen Trato\u201d hacia la infancia, donde participaron ni\u00f1os y ni\u00f1as&#46;&#46;&#46;<\/p>\n","protected":false},"author":2,"featured_media":19883,"comment_status":"closed","ping_status":"open","sticky":false,"template":"","format":"standard","meta":{"footnotes":""},"categories":[1],"tags":[1853,1115,407,1854,8,6,117],"class_list":["post-19882","post","type-post","status-publish","format-standard","has-post-thumbnail","hentry","category-noticias","tag-marcha-buen-trato","tag-noticias","tag-opd","tag-red-de-infancia","tag-yungay","tag-yungayino","tag-yungayinocl"],"_links":{"self":[{"href":"https:\/\/www.yungayino.cl\/noticias\/index.php?rest_route=\/wp\/v2\/posts\/19882","targetHints":{"allow":["GET"]}}],"collection":[{"href":"https:\/\/www.yungayino.cl\/noticias\/index.php?rest_route=\/wp\/v2\/posts"}],"about":[{"href":"https:\/\/www.yungayino.cl\/noticias\/index.php?rest_route=\/wp\/v2\/types\/post"}],"author":[{"embeddable":true,"href":"https:\/\/www.yungayino.cl\/noticias\/index.php?rest_route=\/wp\/v2\/users\/2"}],"replies":[{"embeddable":true,"href":"https:\/\/www.yungayino.cl\/noticias\/index.php?rest_route=%2Fwp%2Fv2%2Fcomments&post=19882"}],"version-history":[{"count":1,"href":"https:\/\/www.yungayino.cl\/noticias\/index.php?rest_route=\/wp\/v2\/posts\/19882\/revisions"}],"predecessor-version":[{"id":19884,"href":"https:\/\/www.yungayino.cl\/noticias\/index.php?rest_route=\/wp\/v2\/posts\/19882\/revisions\/19884"}],"wp:featuredmedia":[{"embeddable":true,"href":"https:\/\/www.yungayino.cl\/noticias\/index.php?rest_route=\/wp\/v2\/media\/19883"}],"wp:attachment":[{"href":"https:\/\/www.yungayino.cl\/noticias\/index.php?rest_route=%2Fwp%2Fv2%2Fmedia&parent=19882"}],"wp:term":[{"taxonomy":"category","embeddable":true,"href":"https:\/\/www.yungayino.cl\/noticias\/index.php?rest_route=%2Fwp%2Fv2%2Fcategories&post=19882"},{"taxonomy":"post_tag","embeddable":true,"href":"https:\/\/www.yungayino.cl\/noticias\/index.php?rest_route=%2Fwp%2Fv2%2Ftags&post=19882"}],"curies":[{"name":"wp","href":"https:\/\/api.w.org\/{rel}","templated":true}]}}