{"id":19885,"date":"2018-10-29T15:00:40","date_gmt":"2018-10-29T18:00:40","guid":{"rendered":"http:\/\/www.yungayino.cl\/noticias\/?p=19885"},"modified":"2018-10-29T19:49:55","modified_gmt":"2018-10-29T22:49:55","slug":"yungay-busca-salvaguardar-el-bien-nacional-protegido-ranchillo-alto","status":"publish","type":"post","link":"https:\/\/www.yungayino.cl\/noticias\/?p=19885","title":{"rendered":"Yungay Busca Salvaguardar el Bien Nacional Protegido \u201cRanchillo Alto\u201d"},"content":{"rendered":"<p><img loading=\"lazy\" decoding=\"async\" class=\"alignnone size-full wp-image-19886\" src=\"http:\/\/www.yungayino.cl\/noticias\/wp-content\/uploads\/2018\/10\/municipalidad_201810.jpg\" alt=\"\" width=\"700\" height=\"351\" srcset=\"https:\/\/www.yungayino.cl\/noticias\/wp-content\/uploads\/2018\/10\/municipalidad_201810.jpg 700w, https:\/\/www.yungayino.cl\/noticias\/wp-content\/uploads\/2018\/10\/municipalidad_201810-300x150.jpg 300w, https:\/\/www.yungayino.cl\/noticias\/wp-content\/uploads\/2018\/10\/municipalidad_201810-299x150.jpg 299w\" sizes=\"auto, (max-width: 700px) 100vw, 700px\" \/><\/p>\n<p style=\"text-align: justify;\">Yungay, octubre 2018: La Municipalidad de Yungay se reuni\u00f3n con la SEREMI de Medio Ambiente de \u00d1uble con el objetivo de expresar su preocupaci\u00f3n y posici\u00f3n frente al proyecto que se ejecuta en el Bien Nacional Protegido (BNP) \u201cRanchillo Alto\u201c, ubicado en el sector precordillerano de la comuna. Oportunidad en donde la autoridad ambiental regional manifest\u00f3 su apoyo y colaboraci\u00f3n para encontrar una soluci\u00f3n a la problem\u00e1tica abordada.<\/p>\n<p style=\"text-align: justify;\"><iframe loading=\"lazy\" style=\"border: none; overflow: hidden;\" src=\"https:\/\/www.facebook.com\/plugins\/post.php?href=https:\/\/www.facebook.com\/media\/set\/?set=a.2320732514608441&amp;type=1&amp;l=5c7f3efc6a&amp;l=a77e327dc6&amp;l=f5951f1994&amp;l=bfecbb8adf&amp;l=687b6bf5da&amp;width=500&amp;show_text=true&amp;height=691&amp;appId\" width=\"500\" height=\"691\" frameborder=\"0\" scrolling=\"no\"><\/iframe><\/p>\n<p style=\"text-align: justify;\">El predio fiscal fue declarado como Bien Nacional Protegido mediante Decreto Exento N\u00ba 357\/2009 del Ministerio de Bienes Nacionales, cuya finalidad es la conservaci\u00f3n del patrimonio natural presente en el \u00e1rea, la cual consta de 561 hect\u00e1reas y est\u00e1 ubicado en el sector precordillerano de Ranchillo Alto en la comuna de Yungay, Regi\u00f3n de \u00d1uble. Espec\u00edficamente, este decreto se\u00f1ala que el objetivo de declararlo como Bien Nacional Protegido es para asegurar la conservaci\u00f3n del bosque adulto de Coihue-Raul\u00ed,\u00a0 h\u00e1bitat natural del carpintero negro y Corredor Biol\u00f3gico Nevados de Chill\u00e1n-Laguna del Laja.<\/p>\n<p style=\"text-align: justify;\">En la actualidad, el predio fiscal se encuentra concesionado y en \u00e9l se desarrolla un \u201cPlan de Ordenamiento Forestal\u201d y \u201cCortas Selectivas\u201d, proyecto autorizado por CONAF donde se aprueba la extracci\u00f3n de madera nativa y la tala de \u00e1rboles maduros y sobremaduros (\u00e1rboles de grandes dimensiones), lo cual sin duda atenta contra la protecci\u00f3n de la biodiversidad del lugar, contraponi\u00e9ndose con los objetivos planteados en la declaratoria del Bien Nacional Protegido, la que busca resguardar el patrimonio natural y ecol\u00f3gico de este sector precordillerano, el cual, adem\u00e1s, forma parte de la Reserva de la Biosfera reconocido como tal por la UNESCO el a\u00f1o 2011.<\/p>\n<p style=\"text-align: justify;\">El jefe comunal, alcalde Rafael Cifuentes Rodr\u00edguez, sostuvo que \u201cnuestra administraci\u00f3n est\u00e1 comprometida con la defensa y protecci\u00f3n del patrimonio ambiental de la comuna, y es parte de nuestro compromiso, trabajar para garantizar a nuestras futuras generaciones el acceso a \u00e1reas silvestres p\u00fablicas, donde puedan disfrutar de la flora y fauna de nuestro bosque nativo y apreciar la imponencia de los \u00e1rboles centenarios, los cuales lamentablemente est\u00e1n siendo destruidos hoy en d\u00eda\u201d.<\/p>\n<p style=\"text-align: justify;\">Frente a lo expuesto, la Municipalidad de Yungay buscar\u00e1 ante las autoridades pertinentes revertir la situaci\u00f3n actual del Bien Nacional Protegido Ranchillo Alto, esperando que en una primera instancia se detenga la tala de \u00e1rboles centenarios, y en un mediano o largo plazo, incluir esta \u00e1rea fiscal en el Sistema Nacional de \u00c1reas Silvestres Protegidas por el Estado, asegurando de esta forma una correcta protecci\u00f3n y conservaci\u00f3n ambiental.<\/p>\n<p style=\"text-align: justify;\">[su_button url=\u00bbhttps:\/\/www.facebook.com\/media\/set\/?set=a.2320732514608441&amp;type=1&amp;l=5c7f3efc6a\u00bb target=\u00bbblank\u00bb size=\u00bb7&#8243; radius=\u00bbround\u00bb icon=\u00bbicon: facebook-square\u00bb]FOTOGRAF\u00cdAS &#8211; Yungay Busca Salvaguardar el Bien Nacional Protegido \u201cRanchillo Alto\u201d[\/su_button]<\/p>\n","protected":false},"excerpt":{"rendered":"<p>Yungay, octubre 2018: La Municipalidad de Yungay se reuni\u00f3n con la SEREMI de Medio Ambiente de \u00d1uble con el objetivo de expresar su preocupaci\u00f3n y posici\u00f3n frente al proyecto que se ejecuta en el&#46;&#46;&#46;<\/p>\n","protected":false},"author":2,"featured_media":19886,"comment_status":"closed","ping_status":"open","sticky":false,"template":"","format":"standard","meta":{"footnotes":""},"categories":[1],"tags":[1115,982,8,6,117],"class_list":["post-19885","post","type-post","status-publish","format-standard","has-post-thumbnail","hentry","category-noticias","tag-noticias","tag-ranchillo-alto","tag-yungay","tag-yungayino","tag-yungayinocl"],"_links":{"self":[{"href":"https:\/\/www.yungayino.cl\/noticias\/index.php?rest_route=\/wp\/v2\/posts\/19885","targetHints":{"allow":["GET"]}}],"collection":[{"href":"https:\/\/www.yungayino.cl\/noticias\/index.php?rest_route=\/wp\/v2\/posts"}],"about":[{"href":"https:\/\/www.yungayino.cl\/noticias\/index.php?rest_route=\/wp\/v2\/types\/post"}],"author":[{"embeddable":true,"href":"https:\/\/www.yungayino.cl\/noticias\/index.php?rest_route=\/wp\/v2\/users\/2"}],"replies":[{"embeddable":true,"href":"https:\/\/www.yungayino.cl\/noticias\/index.php?rest_route=%2Fwp%2Fv2%2Fcomments&post=19885"}],"version-history":[{"count":1,"href":"https:\/\/www.yungayino.cl\/noticias\/index.php?rest_route=\/wp\/v2\/posts\/19885\/revisions"}],"predecessor-version":[{"id":19887,"href":"https:\/\/www.yungayino.cl\/noticias\/index.php?rest_route=\/wp\/v2\/posts\/19885\/revisions\/19887"}],"wp:featuredmedia":[{"embeddable":true,"href":"https:\/\/www.yungayino.cl\/noticias\/index.php?rest_route=\/wp\/v2\/media\/19886"}],"wp:attachment":[{"href":"https:\/\/www.yungayino.cl\/noticias\/index.php?rest_route=%2Fwp%2Fv2%2Fmedia&parent=19885"}],"wp:term":[{"taxonomy":"category","embeddable":true,"href":"https:\/\/www.yungayino.cl\/noticias\/index.php?rest_route=%2Fwp%2Fv2%2Fcategories&post=19885"},{"taxonomy":"post_tag","embeddable":true,"href":"https:\/\/www.yungayino.cl\/noticias\/index.php?rest_route=%2Fwp%2Fv2%2Ftags&post=19885"}],"curies":[{"name":"wp","href":"https:\/\/api.w.org\/{rel}","templated":true}]}}