{"id":19903,"date":"2018-11-01T10:00:56","date_gmt":"2018-11-01T13:00:56","guid":{"rendered":"http:\/\/www.yungayino.cl\/noticias\/?p=19903"},"modified":"2018-11-01T12:21:48","modified_gmt":"2018-11-01T15:21:48","slug":"acto-ceremonia-aniversario-liceo-a-17-de-yungay","status":"publish","type":"post","link":"https:\/\/www.yungayino.cl\/noticias\/?p=19903","title":{"rendered":"Acto Ceremonia Aniversario Liceo A-17 de Yungay"},"content":{"rendered":"<p><img loading=\"lazy\" decoding=\"async\" class=\"alignnone size-full wp-image-19904\" src=\"http:\/\/www.yungayino.cl\/noticias\/wp-content\/uploads\/2018\/11\/liceo_aniversario_2018.jpg\" alt=\"\" width=\"700\" height=\"351\" srcset=\"https:\/\/www.yungayino.cl\/noticias\/wp-content\/uploads\/2018\/11\/liceo_aniversario_2018.jpg 700w, https:\/\/www.yungayino.cl\/noticias\/wp-content\/uploads\/2018\/11\/liceo_aniversario_2018-300x150.jpg 300w, https:\/\/www.yungayino.cl\/noticias\/wp-content\/uploads\/2018\/11\/liceo_aniversario_2018-299x150.jpg 299w\" sizes=\"auto, (max-width: 700px) 100vw, 700px\" \/><\/p>\n<p style=\"text-align: justify;\">Yungay, mi\u00e9rcoles 31 de octubre 2018: En el Gimnasio Multiuso se llev\u00f3 a cabo este martes 30 de octubre un acto de ceremonia en conmemoraci\u00f3n de un nuevo aniversario del Liceo A-17 de Yungay, el cual estuvo encabezado por su Director Sr. Antonio Zepeda Novoa, adem\u00e1s del Alcalde Sr. Rafael Cifuentes Rodr\u00edguez, la Jefa DAEM Yungay, Sra. Eugenia L\u00f3pez Hern\u00e1ndez, Miembros del Concejo Municipal, Autoridades Locales, Directores, Profesores, Alumnos e Invitados Especiales.<\/p>\n<p style=\"text-align: justify;\"><iframe loading=\"lazy\" style=\"border: none; overflow: hidden;\" src=\"https:\/\/www.facebook.com\/plugins\/post.php?href=https:\/\/www.facebook.com\/media\/set\/?set=a.2326596560688703&amp;type=1&amp;l=260e252aee&amp;l=a77e327dc6&amp;l=f5951f1994&amp;l=bfecbb8adf&amp;l=687b6bf5da&amp;width=500&amp;show_text=true&amp;height=691&amp;appId\" width=\"500\" height=\"691\" frameborder=\"0\" scrolling=\"no\"><\/iframe><\/p>\n<p style=\"text-align: justify;\">En la oportunidad, el Director del Liceo A-17 de Yungay, Sr. Antonio Zepeda Novoa, dio a conocer la satisfacci\u00f3n de esta comunidad por estar cumpliendo un a\u00f1o m\u00e1s al servicio de la educaci\u00f3n de la comuna, destacando las innumerables generaciones que han pasado por sus aulas y que han logrado resaltar en las distintas \u00e1reas de la vida ciudadana.<\/p>\n<p style=\"text-align: justify;\">En la ceremonia aniversario, se entregaron reconocimientos a funcionarios por su aporte a la comunidad escolar, adem\u00e1s de la entrega de diplomas a los alumnos. El desarrollo de la ceremonia contempl\u00f3 tambi\u00e9n la participaci\u00f3n de los alumnos con un n\u00famero folcl\u00f3rico y la interpretaci\u00f3n del himno del liceo.<\/p>\n<p style=\"text-align: justify;\">[su_button url=\u00bbhttps:\/\/www.facebook.com\/media\/set\/?set=a.2326596560688703&amp;type=1&amp;l=260e252aee\u00bb target=\u00bbblank\u00bb size=\u00bb7&#8243; radius=\u00bbround\u00bb icon=\u00bbicon: facebook-square\u00bb]FOTOGRAF\u00cdAS &#8211; Acto Ceremonia Aniversario Liceo A-17 de Yungay[\/su_button]<\/p>\n","protected":false},"excerpt":{"rendered":"<p>Yungay, mi\u00e9rcoles 31 de octubre 2018: En el Gimnasio Multiuso se llev\u00f3 a cabo este martes 30 de octubre un acto de ceremonia en conmemoraci\u00f3n de un nuevo aniversario del Liceo A-17 de Yungay,&#46;&#46;&#46;<\/p>\n","protected":false},"author":2,"featured_media":19904,"comment_status":"closed","ping_status":"open","sticky":false,"template":"","format":"standard","meta":{"footnotes":""},"categories":[1],"tags":[89,1115,8,6,117],"class_list":["post-19903","post","type-post","status-publish","format-standard","has-post-thumbnail","hentry","category-noticias","tag-liceo-yungay","tag-noticias","tag-yungay","tag-yungayino","tag-yungayinocl"],"_links":{"self":[{"href":"https:\/\/www.yungayino.cl\/noticias\/index.php?rest_route=\/wp\/v2\/posts\/19903","targetHints":{"allow":["GET"]}}],"collection":[{"href":"https:\/\/www.yungayino.cl\/noticias\/index.php?rest_route=\/wp\/v2\/posts"}],"about":[{"href":"https:\/\/www.yungayino.cl\/noticias\/index.php?rest_route=\/wp\/v2\/types\/post"}],"author":[{"embeddable":true,"href":"https:\/\/www.yungayino.cl\/noticias\/index.php?rest_route=\/wp\/v2\/users\/2"}],"replies":[{"embeddable":true,"href":"https:\/\/www.yungayino.cl\/noticias\/index.php?rest_route=%2Fwp%2Fv2%2Fcomments&post=19903"}],"version-history":[{"count":2,"href":"https:\/\/www.yungayino.cl\/noticias\/index.php?rest_route=\/wp\/v2\/posts\/19903\/revisions"}],"predecessor-version":[{"id":19906,"href":"https:\/\/www.yungayino.cl\/noticias\/index.php?rest_route=\/wp\/v2\/posts\/19903\/revisions\/19906"}],"wp:featuredmedia":[{"embeddable":true,"href":"https:\/\/www.yungayino.cl\/noticias\/index.php?rest_route=\/wp\/v2\/media\/19904"}],"wp:attachment":[{"href":"https:\/\/www.yungayino.cl\/noticias\/index.php?rest_route=%2Fwp%2Fv2%2Fmedia&parent=19903"}],"wp:term":[{"taxonomy":"category","embeddable":true,"href":"https:\/\/www.yungayino.cl\/noticias\/index.php?rest_route=%2Fwp%2Fv2%2Fcategories&post=19903"},{"taxonomy":"post_tag","embeddable":true,"href":"https:\/\/www.yungayino.cl\/noticias\/index.php?rest_route=%2Fwp%2Fv2%2Ftags&post=19903"}],"curies":[{"name":"wp","href":"https:\/\/api.w.org\/{rel}","templated":true}]}}