{"id":19912,"date":"2018-11-06T20:00:09","date_gmt":"2018-11-06T23:00:09","guid":{"rendered":"http:\/\/www.yungayino.cl\/noticias\/?p=19912"},"modified":"2018-11-06T23:14:35","modified_gmt":"2018-11-07T02:14:35","slug":"yungay-vivio-la-segunda-jornada-de-audiencias-ciudadanas-de-la-gobernacion-de-diguillin","status":"publish","type":"post","link":"https:\/\/www.yungayino.cl\/noticias\/?p=19912","title":{"rendered":"Yungay Vivi\u00f3 la Segunda Jornada de \u201cAudiencias Ciudadanas\u201d de la Gobernaci\u00f3n de Diguill\u00edn"},"content":{"rendered":"<p><img loading=\"lazy\" decoding=\"async\" class=\"alignnone size-full wp-image-19913\" src=\"http:\/\/www.yungayino.cl\/noticias\/wp-content\/uploads\/2018\/11\/audiencias_ciudadanas_2018.jpg\" alt=\"\" width=\"700\" height=\"350\" srcset=\"https:\/\/www.yungayino.cl\/noticias\/wp-content\/uploads\/2018\/11\/audiencias_ciudadanas_2018.jpg 700w, https:\/\/www.yungayino.cl\/noticias\/wp-content\/uploads\/2018\/11\/audiencias_ciudadanas_2018-300x150.jpg 300w\" sizes=\"auto, (max-width: 700px) 100vw, 700px\" \/><\/p>\n<p style=\"text-align: justify;\">Yungay, martes 06 de noviembre 2018: En la precordillerana comuna de Yungay, se celebr\u00f3 este martes la segunda jornada de <strong>\u201cAudiencias Ciudadanas\u201d<\/strong> realizada por la Gobernaci\u00f3n Provincial de Diguill\u00edn, instancia donde la Gobernadora Sra. Paola Becker, acompa\u00f1ada por el equipo de profesionales de la entidad, se pusieron a disposici\u00f3n de la comunidad, para atender sus principales requerimientos, y comenzar as\u00ed a gestionar y encaminar soluciones a tales problem\u00e1ticas, siendo un trabajo en terreno tal como solicita el Presidente Sr. Sebasti\u00e1n Pi\u00f1era.<\/p>\n<p style=\"text-align: justify;\">Concejales, Juntas de Vecinos, Uni\u00f3n Comunal de JJVV y de Adultos Mayores, Comit\u00e9s Habitacionales, Comit\u00e9s de Agua Potable Rural, Rotarios y personas independientes, fueron parte de quienes mediante la autoridad provincial y su equipo de trabajo, plantearon necesidades de toda \u00edndole, y que van en pos de la mejora de calidad de vida de sus integrantes y comunidad en general, instancia que por lo dem\u00e1s, fue bien recibida por los propios participantes.<\/p>\n<p style=\"text-align: justify;\"><iframe loading=\"lazy\" style=\"border: none; overflow: hidden;\" src=\"https:\/\/www.facebook.com\/plugins\/post.php?href=https:\/\/www.facebook.com\/media\/set\/?set=a.2334534459894913&amp;type=1&amp;l=827e567cff&amp;l=a77e327dc6&amp;l=f5951f1994&amp;l=bfecbb8adf&amp;l=687b6bf5da&amp;width=500&amp;show_text=true&amp;height=691&amp;appId\" width=\"500\" height=\"691\" frameborder=\"0\" scrolling=\"no\"><\/iframe><\/p>\n<p style=\"text-align: justify;\">\u201cMuy buena la iniciativa de que la Gobernadora se haya acercado hacia nosotros, lo que hace un Gobierno m\u00e1s cercano, m\u00e1s para la gente, lo que nos facilita el tener respuestas a muchas dudas que tenemos, y nos alegra, pues nos hace sentir escuchados, pese a que desde la Municipalidad de Yungay tambi\u00e9n nos apoyan, pero que la Gobernadora se acerque a nosotros para responder a nuestras inquietudes, es lo m\u00e1ximo\u201d, dijo Sra. Silvana Hidalgo, integrante de la Villa 27\/F.<\/p>\n<p style=\"text-align: justify;\">Desde el Rotary Club de Yungay, Sr. Pedro Salazar Barra, valor\u00f3 tambi\u00e9n la entrevista con la autoridad provincial, espec\u00edficamente con lo que respecta a la iniciativa de parte de ellos como entidad, y que es la concreci\u00f3n de un Centro de Di\u00e1lisis sin fines de lucro, lo que no existe actualmente en la ciudad yungayina.<\/p>\n<p style=\"text-align: justify;\">\u201cPudimos dar a conocer de manera cabal el proyecto del Centro de Di\u00e1lisis Claudio Navarrete Castillo, de lo cual tuvimos una buena acogida y esperamos trabajar con ella hasta iniciar nuestra actividad cuando est\u00e9 todo en uso hacia los pacientes de Yungay\u201d, coment\u00f3 Sr. Pedro Salazar.<\/p>\n<p style=\"text-align: justify;\">El Alcalde, Sr. Rafael Cifuentes Rodr\u00edguez, relev\u00f3 la jornada destacando los buenos comentarios de los propios vecinos participantes, precisando que \u201cfue muy bien acogida la Gobernadora en Yungay, con bastante gente que la visit\u00f3 e hizo consultas propias de su cargo, por lo que comunidad estaba muy contenta con lo realizado (\u2026) eso es lo que se quiere, que las autoridades se sientan cercanas a la gente y que la gente pueda salir de sus inquietudes\u201d, cerr\u00f3 el Alcalde.<\/p>\n<p style=\"text-align: justify;\">Finalmente la Gobernadora Sra. Paola Becker, junto con agradecer la disposici\u00f3n del propio despacho del Alcalde Cifuentes para hacer las reuniones, destac\u00f3 que la misma comunidad de Yungay haya aprovechado de entrevistarse con ella y su equipo.<\/p>\n<p style=\"text-align: justify;\">\u201cTuvimos bastante afluencia de p\u00fablico, lo que eval\u00fao de manera muy positiva en esta segunda Audiencia Ciudadana. Tambi\u00e9n generamos los primeros v\u00ednculos de asociatividad a la generaci\u00f3n de respuesta con la comunidad, di\u00e1logos ciudadanos encabezados por Secretar\u00edas Regionales Ministeriales competentes en distintos requerimientos que se plantearon por parte de los vecinos a relucir, y obviamente que lo vamos a trabajar con el Gobierno Comunal respectivo\u201d, explay\u00f3 la Gobernadora, la que anticip\u00f3 que tras El Carmen y Yungay, ser\u00e1 Pemuco quien reciba pr\u00f3xima \u201cAudiencia Ciudadana\u201d de la Gobernaci\u00f3n de Diguill\u00edn.<\/p>\n<p style=\"text-align: justify;\">[su_button url=\u00bbhttps:\/\/www.facebook.com\/media\/set\/?set=a.2334534459894913&amp;type=1&amp;l=827e567cff\u00bb target=\u00bbblank\u00bb size=\u00bb7&#8243; radius=\u00bbround\u00bb icon=\u00bbicon: facebook-square\u00bb]FOTOGRAF\u00cdAS &#8211; Yungay Vivi\u00f3 la Segunda Jornada de \u201cAudiencias Ciudadanas\u201d de la Gobernaci\u00f3n de Diguill\u00edn[\/su_button]<\/p>\n","protected":false},"excerpt":{"rendered":"<p>Yungay, martes 06 de noviembre 2018: En la precordillerana comuna de Yungay, se celebr\u00f3 este martes la segunda jornada de \u201cAudiencias Ciudadanas\u201d realizada por la Gobernaci\u00f3n Provincial de Diguill\u00edn, instancia donde la Gobernadora Sra.&#46;&#46;&#46;<\/p>\n","protected":false},"author":2,"featured_media":19913,"comment_status":"closed","ping_status":"open","sticky":false,"template":"","format":"standard","meta":{"footnotes":""},"categories":[3,1],"tags":[1856,1855,1115,8,117],"class_list":["post-19912","post","type-post","status-publish","format-standard","has-post-thumbnail","hentry","category-actualidad","category-noticias","tag-audiencias-ciudadanas","tag-gobernadora","tag-noticias","tag-yungay","tag-yungayinocl"],"_links":{"self":[{"href":"https:\/\/www.yungayino.cl\/noticias\/index.php?rest_route=\/wp\/v2\/posts\/19912","targetHints":{"allow":["GET"]}}],"collection":[{"href":"https:\/\/www.yungayino.cl\/noticias\/index.php?rest_route=\/wp\/v2\/posts"}],"about":[{"href":"https:\/\/www.yungayino.cl\/noticias\/index.php?rest_route=\/wp\/v2\/types\/post"}],"author":[{"embeddable":true,"href":"https:\/\/www.yungayino.cl\/noticias\/index.php?rest_route=\/wp\/v2\/users\/2"}],"replies":[{"embeddable":true,"href":"https:\/\/www.yungayino.cl\/noticias\/index.php?rest_route=%2Fwp%2Fv2%2Fcomments&post=19912"}],"version-history":[{"count":1,"href":"https:\/\/www.yungayino.cl\/noticias\/index.php?rest_route=\/wp\/v2\/posts\/19912\/revisions"}],"predecessor-version":[{"id":19914,"href":"https:\/\/www.yungayino.cl\/noticias\/index.php?rest_route=\/wp\/v2\/posts\/19912\/revisions\/19914"}],"wp:featuredmedia":[{"embeddable":true,"href":"https:\/\/www.yungayino.cl\/noticias\/index.php?rest_route=\/wp\/v2\/media\/19913"}],"wp:attachment":[{"href":"https:\/\/www.yungayino.cl\/noticias\/index.php?rest_route=%2Fwp%2Fv2%2Fmedia&parent=19912"}],"wp:term":[{"taxonomy":"category","embeddable":true,"href":"https:\/\/www.yungayino.cl\/noticias\/index.php?rest_route=%2Fwp%2Fv2%2Fcategories&post=19912"},{"taxonomy":"post_tag","embeddable":true,"href":"https:\/\/www.yungayino.cl\/noticias\/index.php?rest_route=%2Fwp%2Fv2%2Ftags&post=19912"}],"curies":[{"name":"wp","href":"https:\/\/api.w.org\/{rel}","templated":true}]}}