{"id":19915,"date":"2018-11-06T22:00:04","date_gmt":"2018-11-07T01:00:04","guid":{"rendered":"http:\/\/www.yungayino.cl\/noticias\/?p=19915"},"modified":"2018-11-06T23:21:05","modified_gmt":"2018-11-07T02:21:05","slug":"seremi-del-trabajo-y-alcalde-de-yungay-firmaron-primera-carta-compromiso-para-erradicar-el-trabajo-infantil-en-la-region","status":"publish","type":"post","link":"https:\/\/www.yungayino.cl\/noticias\/?p=19915","title":{"rendered":"Seremi del Trabajo y Alcalde de Yungay Firmaron Primera Carta Compromiso Para Erradicar el Trabajo Infantil en la Regi\u00f3n"},"content":{"rendered":"<p><img loading=\"lazy\" decoding=\"async\" class=\"alignnone size-full wp-image-19916\" src=\"http:\/\/www.yungayino.cl\/noticias\/wp-content\/uploads\/2018\/11\/seremi_trabajo_yungay.jpg\" alt=\"\" width=\"700\" height=\"351\" srcset=\"https:\/\/www.yungayino.cl\/noticias\/wp-content\/uploads\/2018\/11\/seremi_trabajo_yungay.jpg 700w, https:\/\/www.yungayino.cl\/noticias\/wp-content\/uploads\/2018\/11\/seremi_trabajo_yungay-300x150.jpg 300w, https:\/\/www.yungayino.cl\/noticias\/wp-content\/uploads\/2018\/11\/seremi_trabajo_yungay-299x150.jpg 299w\" sizes=\"auto, (max-width: 700px) 100vw, 700px\" \/><\/p>\n<p style=\"text-align: justify;\">Yungay, martes 06 de noviembre 2018: En las dependencias de la Biblioteca Municipal de Yungay, ante m\u00e1s de 100 alumnos y profesores de establecimientos educacionales de la comuna, la Secretaria Regional Ministerial (Seremi) del Trabajo y Previsi\u00f3n Social de \u00d1uble, Sra. Yeniffer Ferrada, y el Alcalde Sr. Rafael Cifuentes firmaron la primera carta compromiso para la erradicaci\u00f3n del trabajo infantil en la nueva regi\u00f3n del pa\u00eds.<\/p>\n<p style=\"text-align: justify;\"><iframe loading=\"lazy\" style=\"border: none; overflow: hidden;\" src=\"https:\/\/www.facebook.com\/plugins\/post.php?href=https:\/\/www.facebook.com\/media\/set\/?set=a.2334547006560325&amp;type=1&amp;l=e29730d782&amp;l=a77e327dc6&amp;l=f5951f1994&amp;l=bfecbb8adf&amp;l=687b6bf5da&amp;width=500&amp;show_text=true&amp;height=691&amp;appId\" width=\"500\" height=\"691\" frameborder=\"0\" scrolling=\"no\"><\/iframe><\/p>\n<p style=\"text-align: justify;\">Con la campa\u00f1a <strong>\u201cNo al Trabajo Infantil\u201d<\/strong>, enmarcada dentro de la Estrategia Nacional para la Prevenci\u00f3n y Erradicaci\u00f3n del Trabajo Infantil y la Protecci\u00f3n del Adolescente Trabajador 2015 \u2013 2025, se busca dar un paso inicial en la visibilizaci\u00f3n de la realidad de infantes en la materia (quienes pueden desempe\u00f1arse laboralmente de los 15 a los 17 s\u00f3lo si se cumplen determinadas condiciones).<\/p>\n<p style=\"text-align: justify;\">\u201cEs muy importante poner en el tapete este tema, dialogar, visibilizar pr\u00e1cticas err\u00f3neas y educarnos al respecto, haciendo carne los acuerdos internacionales consagrados en la Convenci\u00f3n de los Derechos del Ni\u00f1o, a la que Chile adscribe como Estado, y cuyos fundamentos est\u00e1n latentes en cada acci\u00f3n del Gobierno del Presidente Sebasti\u00e1n Pi\u00f1era, quien pondr\u00e1 siempre a los ni\u00f1os primero. En nuestra regi\u00f3n se dan ciertos fen\u00f3menos, generalmente vinculados al mundo agr\u00edcola, que son distintos a los de otros lugares de Chile, por eso es fundamental contar con insumos que nos muestren estad\u00edsticas y diagn\u00f3sticos de lo que sucede en lo relativo al trabajo infantil\u201d, indic\u00f3 la Seremi del Trabajo y Previsi\u00f3n Social, Yeniffer Ferrada.<\/p>\n<p style=\"text-align: justify;\">Con el lanzamiento de la campa\u00f1a, de la que se han hecho part\u00edcipes las Oficinas de Protecci\u00f3n de Derechos (OPD) de la regi\u00f3n dependientes del Servicio Nacional de Menores (SENAME), se busca generar mecanismos educativos con las comunidades, con el fin de concientizar acerca de la legislaci\u00f3n vigente en cuanto a derechos de las ni\u00f1as, los ni\u00f1os y adolescentes, y visibilizar pr\u00e1cticas err\u00f3neas. A la par, durante los pr\u00f3ximos meses se comenzar\u00e1 a levantar informaci\u00f3n estad\u00edstica de la realidad local, dado que el \u00faltimo antecedente se remonta a la Encuesta Nacional de Actividades de Ni\u00f1os, Ni\u00f1as y Adolescentes (EANNA) 2012, cuando \u00d1uble a\u00fan estaba contenida como provincia en Biob\u00edo. La pr\u00f3xima edici\u00f3n de la medici\u00f3n se conocer\u00e1 en 2020.<\/p>\n<p style=\"text-align: justify;\">\u201cCon esto nos comprometemos a entregar informaci\u00f3n desde nuestra comuna, por lo que se trata de muchos m\u00e1s que s\u00f3lo una firma en un papel. Hay que asumir este desaf\u00edo con mucha responsabilidad, y agotar las instancias de llegar a todos los lugares donde no se est\u00e9 cumpliendo la normativa, e involucrar a los colegios, las familias y las distintas instituciones que deben proteger los derechos de los ni\u00f1os\u201d, se\u00f1al\u00f3 el alcalde de Yungay, Sr. Rafael Cifuentes.<\/p>\n<p style=\"text-align: justify;\">El lanzamiento regional de la Estrategia Nacional para la Prevenci\u00f3n y Erradicaci\u00f3n del Trabajo Infantil y la Protecci\u00f3n del Adolescente Trabajador 2015 \u2013 2025 ser\u00e1 por partida triple: luego de Yungay vendr\u00e1n Coihueco (9 de noviembre) y Coelemu (13 de noviembre), donde los alcaldes de estas \u00faltimas tambi\u00e9n firmar\u00e1n cartas de compromiso. \u201cPara nosotros es fundamental que cada gobierno comunal se comprometa con este tema y podamos ir trabajando en conjunto en la identificaci\u00f3n de los escenarios a los que nos enfrentamos, para as\u00ed poder tener mayor claridad respecto a los pasos a seguir y a las pol\u00edticas p\u00fablicas que se vayan generando\u201d, agreg\u00f3 la Seremi Sra. Yeniffer Ferrada.<\/p>\n<p style=\"text-align: justify;\">La EANNA 2012 arroj\u00f3 que en Chile se estima que existen 219.644 ni\u00f1os, ni\u00f1as y adolescentes en trabajo infantil, de los cuales el 90% est\u00e1n en trabajo peligroso.<\/p>\n<p style=\"text-align: justify;\">[su_button url=\u00bbhttps:\/\/www.facebook.com\/media\/set\/?set=a.2334547006560325&amp;type=1&amp;l=e29730d782&#8243; target=\u00bbblank\u00bb size=\u00bb7&#8243; radius=\u00bbround\u00bb icon=\u00bbicon: facebook-square\u00bb]FOTOGRAF\u00cdAS &#8211; Seremi del Trabajo y Alcalde de Yungay Firmaron Primera Carta Compromiso Para Erradicar el Trabajo Infantil en la Regi\u00f3n[\/su_button]<\/p>\n","protected":false},"excerpt":{"rendered":"<p>Yungay, martes 06 de noviembre 2018: En las dependencias de la Biblioteca Municipal de Yungay, ante m\u00e1s de 100 alumnos y profesores de establecimientos educacionales de la comuna, la Secretaria Regional Ministerial (Seremi) del&#46;&#46;&#46;<\/p>\n","protected":false},"author":2,"featured_media":19916,"comment_status":"closed","ping_status":"open","sticky":false,"template":"","format":"standard","meta":{"footnotes":""},"categories":[1],"tags":[1115,1857,1858,8,6,117],"class_list":["post-19915","post","type-post","status-publish","format-standard","has-post-thumbnail","hentry","category-noticias","tag-noticias","tag-seremi-del-trabajo","tag-trabajo-infantil","tag-yungay","tag-yungayino","tag-yungayinocl"],"_links":{"self":[{"href":"https:\/\/www.yungayino.cl\/noticias\/index.php?rest_route=\/wp\/v2\/posts\/19915","targetHints":{"allow":["GET"]}}],"collection":[{"href":"https:\/\/www.yungayino.cl\/noticias\/index.php?rest_route=\/wp\/v2\/posts"}],"about":[{"href":"https:\/\/www.yungayino.cl\/noticias\/index.php?rest_route=\/wp\/v2\/types\/post"}],"author":[{"embeddable":true,"href":"https:\/\/www.yungayino.cl\/noticias\/index.php?rest_route=\/wp\/v2\/users\/2"}],"replies":[{"embeddable":true,"href":"https:\/\/www.yungayino.cl\/noticias\/index.php?rest_route=%2Fwp%2Fv2%2Fcomments&post=19915"}],"version-history":[{"count":1,"href":"https:\/\/www.yungayino.cl\/noticias\/index.php?rest_route=\/wp\/v2\/posts\/19915\/revisions"}],"predecessor-version":[{"id":19917,"href":"https:\/\/www.yungayino.cl\/noticias\/index.php?rest_route=\/wp\/v2\/posts\/19915\/revisions\/19917"}],"wp:featuredmedia":[{"embeddable":true,"href":"https:\/\/www.yungayino.cl\/noticias\/index.php?rest_route=\/wp\/v2\/media\/19916"}],"wp:attachment":[{"href":"https:\/\/www.yungayino.cl\/noticias\/index.php?rest_route=%2Fwp%2Fv2%2Fmedia&parent=19915"}],"wp:term":[{"taxonomy":"category","embeddable":true,"href":"https:\/\/www.yungayino.cl\/noticias\/index.php?rest_route=%2Fwp%2Fv2%2Fcategories&post=19915"},{"taxonomy":"post_tag","embeddable":true,"href":"https:\/\/www.yungayino.cl\/noticias\/index.php?rest_route=%2Fwp%2Fv2%2Ftags&post=19915"}],"curies":[{"name":"wp","href":"https:\/\/api.w.org\/{rel}","templated":true}]}}