{"id":19919,"date":"2018-11-08T10:00:48","date_gmt":"2018-11-08T13:00:48","guid":{"rendered":"http:\/\/www.yungayino.cl\/noticias\/?p=19919"},"modified":"2018-11-08T13:20:43","modified_gmt":"2018-11-08T16:20:43","slug":"en-yungay-la-omil-realizo-la-iii-feria-laboral","status":"publish","type":"post","link":"https:\/\/www.yungayino.cl\/noticias\/?p=19919","title":{"rendered":"En Yungay la OMIL Realiz\u00f3 la \u201cIII Feria Laboral\u201d"},"content":{"rendered":"<p><img loading=\"lazy\" decoding=\"async\" class=\"alignnone size-full wp-image-19920\" src=\"http:\/\/www.yungayino.cl\/noticias\/wp-content\/uploads\/2018\/11\/feria_laboral_omil_2018.jpg\" alt=\"\" width=\"700\" height=\"351\" srcset=\"https:\/\/www.yungayino.cl\/noticias\/wp-content\/uploads\/2018\/11\/feria_laboral_omil_2018.jpg 700w, https:\/\/www.yungayino.cl\/noticias\/wp-content\/uploads\/2018\/11\/feria_laboral_omil_2018-300x150.jpg 300w, https:\/\/www.yungayino.cl\/noticias\/wp-content\/uploads\/2018\/11\/feria_laboral_omil_2018-299x150.jpg 299w\" sizes=\"auto, (max-width: 700px) 100vw, 700px\" \/><\/p>\n<p style=\"text-align: justify;\">Yungay, jueves 08 de noviembre 2018: La Municipalidad, a trav\u00e9s de Oficina Municipal de Informaci\u00f3n Laboral (OMIL) organiz\u00f3 la Tercera Feria Laboral de la comuna, iniciativa que busc\u00f3 entregar alternativas de empleos para todos los Yungayinos.<\/p>\n<p style=\"text-align: justify;\"><iframe loading=\"lazy\" style=\"border: none; overflow: hidden;\" src=\"https:\/\/www.facebook.com\/plugins\/post.php?href=https:\/\/www.facebook.com\/media\/set\/?set=a.2336759019672457&amp;type=1&amp;l=3e7556e44a&amp;l=a77e327dc6&amp;l=f5951f1994&amp;l=bfecbb8adf&amp;l=687b6bf5da&amp;width=500&amp;show_text=true&amp;height=691&amp;appId\" width=\"500\" height=\"691\" frameborder=\"0\" scrolling=\"no\"><\/iframe><\/p>\n<p style=\"text-align: justify;\">La actividad se realiz\u00f3 en la Plaza Iquique el martes 06 de noviembre desde las 10:00 horas, la cual ten\u00eda como objetivo la integraci\u00f3n al mundo laboral, para formar redes que faciliten una inserci\u00f3n tanto para personas naturales y privados, adem\u00e1s de crear m\u00e1s espacios para ayudar a las personas de la comuna en su inserci\u00f3n laboral.<\/p>\n<p style=\"text-align: justify;\">Cabe destacar que en esta Tercera Feria Laboral de Yungay, las personas en condici\u00f3n de cesant\u00eda pudieron postular a las ofertas de empleos que ofrec\u00edan las empresas participantes as\u00ed como generar contactos de empleo y en definitiva, encontrar una alternativa de trabajo.<\/p>\n<p style=\"text-align: justify;\">Finalmente se\u00f1alar que la inauguraci\u00f3n cont\u00f3 con la asistencia del Alcalde, Sr. Rafael Cifuentes, la Seremi del Trabajo y Previsi\u00f3n Social de \u00d1uble, Sra. Yeniffer Ferrada, la Seremi de Justicia, Sra. Jacqueline Gui\u00f1ez Nu\u00f1ez, Concejales, Autoridades Locales, Representantes de Empresas de Servicio Industrial, Agr\u00edcola, Forestal, adem\u00e1s de Centros de Formaci\u00f3n T\u00e9cnica, Fuerza A\u00e9rea de Chile, Ej\u00e9rcito y Gendarmer\u00eda.<\/p>\n<p style=\"text-align: justify;\">[su_button url=\u00bbhttps:\/\/www.facebook.com\/media\/set\/?set=a.2336759019672457&amp;type=1&amp;l=3e7556e44a\u00bb target=\u00bbblank\u00bb size=\u00bb7&#8243; radius=\u00bbround\u00bb icon=\u00bbicon: facebook-square\u00bb]FOTOGRAF\u00cdAS &#8211; En Yungay la OMIL Realiz\u00f3 la \u201cIII Feria Laboral\u201d[\/su_button]<\/p>\n","protected":false},"excerpt":{"rendered":"<p>Yungay, jueves 08 de noviembre 2018: La Municipalidad, a trav\u00e9s de Oficina Municipal de Informaci\u00f3n Laboral (OMIL) organiz\u00f3 la Tercera Feria Laboral de la comuna, iniciativa que busc\u00f3 entregar alternativas de empleos para todos&#46;&#46;&#46;<\/p>\n","protected":false},"author":2,"featured_media":19920,"comment_status":"closed","ping_status":"open","sticky":false,"template":"","format":"standard","meta":{"footnotes":""},"categories":[1],"tags":[1179,1115,1011,8,6,117],"class_list":["post-19919","post","type-post","status-publish","format-standard","has-post-thumbnail","hentry","category-noticias","tag-feria-laboral","tag-noticias","tag-omil","tag-yungay","tag-yungayino","tag-yungayinocl"],"_links":{"self":[{"href":"https:\/\/www.yungayino.cl\/noticias\/index.php?rest_route=\/wp\/v2\/posts\/19919","targetHints":{"allow":["GET"]}}],"collection":[{"href":"https:\/\/www.yungayino.cl\/noticias\/index.php?rest_route=\/wp\/v2\/posts"}],"about":[{"href":"https:\/\/www.yungayino.cl\/noticias\/index.php?rest_route=\/wp\/v2\/types\/post"}],"author":[{"embeddable":true,"href":"https:\/\/www.yungayino.cl\/noticias\/index.php?rest_route=\/wp\/v2\/users\/2"}],"replies":[{"embeddable":true,"href":"https:\/\/www.yungayino.cl\/noticias\/index.php?rest_route=%2Fwp%2Fv2%2Fcomments&post=19919"}],"version-history":[{"count":1,"href":"https:\/\/www.yungayino.cl\/noticias\/index.php?rest_route=\/wp\/v2\/posts\/19919\/revisions"}],"predecessor-version":[{"id":19921,"href":"https:\/\/www.yungayino.cl\/noticias\/index.php?rest_route=\/wp\/v2\/posts\/19919\/revisions\/19921"}],"wp:featuredmedia":[{"embeddable":true,"href":"https:\/\/www.yungayino.cl\/noticias\/index.php?rest_route=\/wp\/v2\/media\/19920"}],"wp:attachment":[{"href":"https:\/\/www.yungayino.cl\/noticias\/index.php?rest_route=%2Fwp%2Fv2%2Fmedia&parent=19919"}],"wp:term":[{"taxonomy":"category","embeddable":true,"href":"https:\/\/www.yungayino.cl\/noticias\/index.php?rest_route=%2Fwp%2Fv2%2Fcategories&post=19919"},{"taxonomy":"post_tag","embeddable":true,"href":"https:\/\/www.yungayino.cl\/noticias\/index.php?rest_route=%2Fwp%2Fv2%2Ftags&post=19919"}],"curies":[{"name":"wp","href":"https:\/\/api.w.org\/{rel}","templated":true}]}}