{"id":1992,"date":"2009-09-18T23:00:30","date_gmt":"2009-09-19T03:00:30","guid":{"rendered":"http:\/\/www.yungayino.cl\/noticias\/?p=1992"},"modified":"2009-09-19T00:53:02","modified_gmt":"2009-09-19T04:53:02","slug":"lamentable-hecho-enluta-concurso-de-cueca","status":"publish","type":"post","link":"https:\/\/www.yungayino.cl\/noticias\/?p=1992","title":{"rendered":"Lamentable Hecho Enluta Concurso de Cueca"},"content":{"rendered":"<p><img decoding=\"async\" src=\"http:\/\/www.yungayino.cl\/imagenes\/concursocueca20090918.jpg\" alt=\"Concurso de Cueca Fiestas Patrias en Yungay\" \/><\/p>\n<p align=\"justify\"><font size=\"2\">18 de septiembre, suspendido concurso de cueca que se realizaba en Sal\u00f3n Multiuso producto del sensible fallecimiento de la Se\u00f1ora Mar\u00eda Isabel Quezada Arroyo qui\u00e9n mientras bailaba un pie de cueca sufri\u00f3 un desmayo en la pista de baile, siendo trasladada al Hospital de Yungay. Mientras se continuaba realizando la actividad el Alcalde Pedro Inostroza informo al p\u00fablico presente la lamentable noticia por lo que se rindi\u00f3 un minuto de silencio y luego se suspendi\u00f3 el concurso. Cabe destacar que la Se\u00f1ora Mar\u00eda Isabel Quezada hab\u00eda participado el 24 de julio en el Campeonato de cueca adulto mayor donde obtuvo el primer lugar junto a don Francisco Figueroa.<\/font><\/p>\n","protected":false},"excerpt":{"rendered":"<p>18 de septiembre, suspendido concurso de cueca que se realizaba en Sal\u00f3n Multiuso producto del sensible fallecimiento de la Se\u00f1ora Mar\u00eda Isabel Quezada Arroyo qui\u00e9n mientras bailaba un pie de cueca sufri\u00f3 un desmayo&#46;&#46;&#46;<\/p>\n","protected":false},"author":2,"featured_media":15112,"comment_status":"open","ping_status":"open","sticky":false,"template":"","format":"standard","meta":{"footnotes":""},"categories":[1],"tags":[1115,8,6],"class_list":["post-1992","post","type-post","status-publish","format-standard","has-post-thumbnail","hentry","category-noticias","tag-noticias","tag-yungay","tag-yungayino"],"_links":{"self":[{"href":"https:\/\/www.yungayino.cl\/noticias\/index.php?rest_route=\/wp\/v2\/posts\/1992","targetHints":{"allow":["GET"]}}],"collection":[{"href":"https:\/\/www.yungayino.cl\/noticias\/index.php?rest_route=\/wp\/v2\/posts"}],"about":[{"href":"https:\/\/www.yungayino.cl\/noticias\/index.php?rest_route=\/wp\/v2\/types\/post"}],"author":[{"embeddable":true,"href":"https:\/\/www.yungayino.cl\/noticias\/index.php?rest_route=\/wp\/v2\/users\/2"}],"replies":[{"embeddable":true,"href":"https:\/\/www.yungayino.cl\/noticias\/index.php?rest_route=%2Fwp%2Fv2%2Fcomments&post=1992"}],"version-history":[{"count":8,"href":"https:\/\/www.yungayino.cl\/noticias\/index.php?rest_route=\/wp\/v2\/posts\/1992\/revisions"}],"predecessor-version":[{"id":2000,"href":"https:\/\/www.yungayino.cl\/noticias\/index.php?rest_route=\/wp\/v2\/posts\/1992\/revisions\/2000"}],"wp:featuredmedia":[{"embeddable":true,"href":"https:\/\/www.yungayino.cl\/noticias\/index.php?rest_route=\/wp\/v2\/media\/15112"}],"wp:attachment":[{"href":"https:\/\/www.yungayino.cl\/noticias\/index.php?rest_route=%2Fwp%2Fv2%2Fmedia&parent=1992"}],"wp:term":[{"taxonomy":"category","embeddable":true,"href":"https:\/\/www.yungayino.cl\/noticias\/index.php?rest_route=%2Fwp%2Fv2%2Fcategories&post=1992"},{"taxonomy":"post_tag","embeddable":true,"href":"https:\/\/www.yungayino.cl\/noticias\/index.php?rest_route=%2Fwp%2Fv2%2Ftags&post=1992"}],"curies":[{"name":"wp","href":"https:\/\/api.w.org\/{rel}","templated":true}]}}