{"id":19935,"date":"2018-11-13T18:00:35","date_gmt":"2018-11-13T21:00:35","guid":{"rendered":"http:\/\/www.yungayino.cl\/noticias\/?p=19935"},"modified":"2018-11-13T19:36:14","modified_gmt":"2018-11-13T22:36:14","slug":"con-exitosa-ceremonia-se-concreto-la-firma-del-plan-de-desarrollo-turistico-pladetur-de-santa-lucia-bajo","status":"publish","type":"post","link":"https:\/\/www.yungayino.cl\/noticias\/?p=19935","title":{"rendered":"Con Exitosa Ceremonia se Concret\u00f3 la Firma del Plan de Desarrollo Tur\u00edstico (PLADETUR) de Santa Luc\u00eda Bajo"},"content":{"rendered":"<p><img loading=\"lazy\" decoding=\"async\" class=\"alignnone size-full wp-image-19936\" src=\"http:\/\/www.yungayino.cl\/noticias\/wp-content\/uploads\/2018\/11\/pedro_matthei_ceremonia_pladetur.jpg\" alt=\"\" width=\"700\" height=\"350\" srcset=\"https:\/\/www.yungayino.cl\/noticias\/wp-content\/uploads\/2018\/11\/pedro_matthei_ceremonia_pladetur.jpg 700w, https:\/\/www.yungayino.cl\/noticias\/wp-content\/uploads\/2018\/11\/pedro_matthei_ceremonia_pladetur-300x150.jpg 300w\" sizes=\"auto, (max-width: 700px) 100vw, 700px\" \/><\/p>\n<p style=\"text-align: justify;\">La actividad cont\u00f3 con la presencia del Alcalde de la I. Municipalidad de\u00a0Yungay, la gerencia general de la Central El Pinar, la Directora Regional (S) de Sernatur y la comunidad de vecinos y emprendedores de este nuevo polo tur\u00edstico a nivel cordillerano.<\/p>\n<p style=\"text-align: justify;\">Con el auditorio de la Biblioteca de la Ilustre Municipalidad de Yungay como escenario de fondo y la presencia de distintas autoridades a nivel local, se desarroll\u00f3 el pasado viernes 9 de noviembre la ceremonia de firma del esperado Plan de Desarrollo Tur\u00edstico del sector cordillerano de Santa Luc\u00eda Bajo.<\/p>\n<p style=\"text-align: justify;\"><iframe loading=\"lazy\" style=\"border: none; overflow: hidden;\" src=\"https:\/\/www.facebook.com\/plugins\/post.php?href=https:\/\/www.facebook.com\/media\/set\/?set=a.2343928338955525&amp;type=1&amp;l=ce629435df&amp;l=a77e327dc6&amp;l=f5951f1994&amp;l=bfecbb8adf&amp;l=687b6bf5da&amp;width=500&amp;show_text=true&amp;height=691&amp;appId\" width=\"500\" height=\"691\" frameborder=\"0\" scrolling=\"no\"><\/iframe><\/p>\n<p style=\"text-align: justify;\">Una iniciativa que fue liderada por el \u00e1rea social de la Central de Pasada El Pinar, en un trabajo conjunto con la comunidad de vecinos de Santa Luc\u00eda Bajo, la Ilustre Municipalidad de Yungay y el Servicio Nacional de Turismo (Sernatur), y cuya misi\u00f3n ha sido consolidar las bases de un turismo de naturaleza en forma responsable y sustentable, con el objetivo de otorgar un servicio cordial a los visitantes que llegan a disfrutar de la naturaleza, la gastronom\u00eda y los balnearios de la zona.<\/p>\n<p style=\"text-align: justify;\">En el inicio de la jornada y tras la exhibici\u00f3n de un video promocional del nuevo destino tur\u00edstico Santa Luc\u00eda Bajo, Pedro Matthei, gerente general de la Central El Pinar, destac\u00f3 este plan de ocho meses de trabajo con una consultora especializada en el \u00e1rea y en talleres junto a los vecinos, donde estos se perfeccionaron en tres \u00e1mbitos espec\u00edficos, tales como: capacitaci\u00f3n, infraestructura y difusi\u00f3n tur\u00edstica.<\/p>\n<p style=\"text-align: justify;\">El Alcalde de Yungay, Sr. Rafael Cifuentes, tambi\u00e9n dijo presente en la ceremonia, destacando la capacidad de trabajo conjunto alcanzada con la empresa de ERNC y Sernatur, ratificando el compromiso de la actual administraci\u00f3n con el despegue del turismo a nivel local.<\/p>\n<p style=\"text-align: justify;\">El Servicio Nacional de Turismo tambi\u00e9n form\u00f3 parte de la mesa de autoridades presentes, y en palabras de la Directora (S) Sernatur Regi\u00f3n de \u00d1uble, Marcela Rodr\u00edguez, los vecinos de Santa Luc\u00eda Bajo han sido \u201cpioneros en el desarrollo de un plan de turismo de este tipo. Ustedes son la puerta de entrada sur a nuestra oferta tur\u00edstica, en el marco de instalaci\u00f3n de la Nueva Regi\u00f3n de \u00d1uble\u201d- finaliz\u00f3 la autoridad.<\/p>\n<p style=\"text-align: justify;\">Tras la firma del Plan de Desarrollo Tur\u00edstico de Santa Luc\u00eda Bajo por parte de las autoridades, se procedi\u00f3 a la entrega de un ejemplar del Pladetur a cada una de las organizaciones presentes, entre las que destac\u00f3 la Junta de Vecinos de Santa Luc\u00eda Bajo y la nueva Agrupaci\u00f3n de Desarrollo en Turismo Rural, Adetur.<\/p>\n<p style=\"text-align: justify;\">El cierre de la ceremonia se realiz\u00f3 con un c\u00f3ctel de camarader\u00eda, una instancia en que todos los invitados pudieron compartir y conversar respecto a los alcances y objetivos venideros para el nuevo destino tur\u00edstico de Santa Luc\u00eda Bajo, en la comuna de Yungay.<\/p>\n<p style=\"text-align: justify;\">CR\u00c9DITO FOTOS: \u00c1rea Comunicaciones y Prensa; PCH El Pinar.<\/p>\n<p style=\"text-align: justify;\">[su_button url=\u00bbhttps:\/\/www.facebook.com\/media\/set\/?set=a.2343928338955525&amp;type=1&amp;l=ce629435df\u00bb target=\u00bbblank\u00bb size=\u00bb7&#8243; radius=\u00bbround\u00bb icon=\u00bbicon: facebook-square\u00bb]FOTOGRAF\u00cdAS \u2013 Con Exitosa Ceremonia se Concret\u00f3 la Firma del Plan de Desarrollo Tur\u00edstico (PLADETUR) de Santa Luc\u00eda Bajo[\/su_button]<\/p>\n<p>&nbsp;<\/p>\n<p><iframe loading=\"lazy\" src=\"https:\/\/player.vimeo.com\/video\/298274942\" width=\"640\" height=\"360\" frameborder=\"0\" allowfullscreen=\"allowfullscreen\"><\/iframe><\/p>\n<p>&nbsp;<\/p>\n","protected":false},"excerpt":{"rendered":"<p>La actividad cont\u00f3 con la presencia del Alcalde de la I. Municipalidad de\u00a0Yungay, la gerencia general de la Central El Pinar, la Directora Regional (S) de Sernatur y la comunidad de vecinos y emprendedores&#46;&#46;&#46;<\/p>\n","protected":false},"author":2,"featured_media":19936,"comment_status":"closed","ping_status":"open","sticky":false,"template":"","format":"standard","meta":{"footnotes":""},"categories":[1],"tags":[1565,1115,1356,302,8,6,117],"class_list":["post-19935","post","type-post","status-publish","format-standard","has-post-thumbnail","hentry","category-noticias","tag-el-pinar","tag-noticias","tag-pladetur","tag-santa-lucia-bajo","tag-yungay","tag-yungayino","tag-yungayinocl"],"_links":{"self":[{"href":"https:\/\/www.yungayino.cl\/noticias\/index.php?rest_route=\/wp\/v2\/posts\/19935","targetHints":{"allow":["GET"]}}],"collection":[{"href":"https:\/\/www.yungayino.cl\/noticias\/index.php?rest_route=\/wp\/v2\/posts"}],"about":[{"href":"https:\/\/www.yungayino.cl\/noticias\/index.php?rest_route=\/wp\/v2\/types\/post"}],"author":[{"embeddable":true,"href":"https:\/\/www.yungayino.cl\/noticias\/index.php?rest_route=\/wp\/v2\/users\/2"}],"replies":[{"embeddable":true,"href":"https:\/\/www.yungayino.cl\/noticias\/index.php?rest_route=%2Fwp%2Fv2%2Fcomments&post=19935"}],"version-history":[{"count":6,"href":"https:\/\/www.yungayino.cl\/noticias\/index.php?rest_route=\/wp\/v2\/posts\/19935\/revisions"}],"predecessor-version":[{"id":19942,"href":"https:\/\/www.yungayino.cl\/noticias\/index.php?rest_route=\/wp\/v2\/posts\/19935\/revisions\/19942"}],"wp:featuredmedia":[{"embeddable":true,"href":"https:\/\/www.yungayino.cl\/noticias\/index.php?rest_route=\/wp\/v2\/media\/19936"}],"wp:attachment":[{"href":"https:\/\/www.yungayino.cl\/noticias\/index.php?rest_route=%2Fwp%2Fv2%2Fmedia&parent=19935"}],"wp:term":[{"taxonomy":"category","embeddable":true,"href":"https:\/\/www.yungayino.cl\/noticias\/index.php?rest_route=%2Fwp%2Fv2%2Fcategories&post=19935"},{"taxonomy":"post_tag","embeddable":true,"href":"https:\/\/www.yungayino.cl\/noticias\/index.php?rest_route=%2Fwp%2Fv2%2Ftags&post=19935"}],"curies":[{"name":"wp","href":"https:\/\/api.w.org\/{rel}","templated":true}]}}