{"id":19946,"date":"2018-11-16T11:33:57","date_gmt":"2018-11-16T14:33:57","guid":{"rendered":"http:\/\/www.yungayino.cl\/noticias\/?p=19946"},"modified":"2018-11-16T11:33:57","modified_gmt":"2018-11-16T14:33:57","slug":"con-carros-alegoricos-y-comparsas-colegio-nueva-esperanza-de-yungay-celebro-un-nuevo-aniversario-2","status":"publish","type":"post","link":"https:\/\/www.yungayino.cl\/noticias\/?p=19946","title":{"rendered":"Con Carros Aleg\u00f3ricos y Comparsas Colegio Nueva Esperanza de Yungay Celebr\u00f3 un Nuevo Aniversario"},"content":{"rendered":"<p><img loading=\"lazy\" decoding=\"async\" class=\"alignnone size-full wp-image-19947\" src=\"http:\/\/www.yungayino.cl\/noticias\/wp-content\/uploads\/2018\/11\/nueva_esperanza_aniversario_2018.jpg\" alt=\"\" width=\"700\" height=\"350\" srcset=\"https:\/\/www.yungayino.cl\/noticias\/wp-content\/uploads\/2018\/11\/nueva_esperanza_aniversario_2018.jpg 700w, https:\/\/www.yungayino.cl\/noticias\/wp-content\/uploads\/2018\/11\/nueva_esperanza_aniversario_2018-300x150.jpg 300w\" sizes=\"auto, (max-width: 700px) 100vw, 700px\" \/><\/p>\n<p style=\"text-align: justify;\">Yungay, viernes 16 de noviembre 2018: Gran cantidad de p\u00fablico se reuni\u00f3 en la Plaza de Armas y calles c\u00e9ntricas de Yungay para ver desfilar todo el colorido y creatividad que mostraban las diferentes alianzas del Colegio Nueva Esperanza con motivo de la celebraci\u00f3n de un nuevo aniversario.<\/p>\n<p style=\"text-align: justify;\"><iframe loading=\"lazy\" style=\"border: none; overflow: hidden;\" src=\"https:\/\/www.facebook.com\/plugins\/post.php?href=https:\/\/www.facebook.com\/media\/set\/?set=a.2347585128589846&amp;type=1&amp;l=112bbefcf0&amp;l=a77e327dc6&amp;l=f5951f1994&amp;l=bfecbb8adf&amp;l=687b6bf5da&amp;width=500&amp;show_text=true&amp;height=691&amp;appId\" width=\"500\" height=\"691\" frameborder=\"0\" scrolling=\"no\"><\/iframe><\/p>\n<p style=\"text-align: justify;\">El hermoso recorrido que se inici\u00f3 a las 20:00 horas al ritmo de batucadas, donde se pudo ver a profesores, alumnos, padres, apoderados todo liderado por su sostenedor Sr. Gonzalo Aedo, quienes luc\u00edan impecablemente hermosos disfraces los cuales representaban a las diferentes alianzas, captando las miradas de quienes salieron a las calles a presenciar el recorrido, el que estuvo en todo momento resguardado por Docentes y Carabineros de la Cuarta Comisar\u00eda de Yungay.<\/p>\n<p style=\"text-align: justify;\">El recorrido finaliz\u00f3 en el Ode\u00f3n de la Plaza Iquique, donde una gran cantidad de p\u00fablico pudo disfrutar de este bonito espect\u00e1culo realizado por toda la Comunidad Escolar del Colegio Nueva Esperanza, la cual se ha convertido en una verdadera tradici\u00f3n esperada por la comunidad yungayina.<\/p>\n<p style=\"text-align: justify;\">[su_button url=\u00bbhttps:\/\/www.facebook.com\/media\/set\/?set=a.2347585128589846&amp;type=1&amp;l=112bbefcf0&#8243; target=\u00bbblank\u00bb size=\u00bb7&#8243; radius=\u00bbround\u00bb icon=\u00bbicon: facebook-square\u00bb]FOTOGRAF\u00cdAS &#8211; Con Carros Aleg\u00f3ricos y Comparsas Colegio Nueva Esperanza de Yungay Celebr\u00f3 un Nuevo Aniversario[\/su_button]<\/p>\n","protected":false},"excerpt":{"rendered":"<p>Yungay, viernes 16 de noviembre 2018: Gran cantidad de p\u00fablico se reuni\u00f3 en la Plaza de Armas y calles c\u00e9ntricas de Yungay para ver desfilar todo el colorido y creatividad que mostraban las diferentes&#46;&#46;&#46;<\/p>\n","protected":false},"author":2,"featured_media":19947,"comment_status":"closed","ping_status":"open","sticky":false,"template":"","format":"standard","meta":{"footnotes":""},"categories":[5,1],"tags":[298,785,320,1115,8,6,117],"class_list":["post-19946","post","type-post","status-publish","format-standard","has-post-thumbnail","hentry","category-eventos","category-noticias","tag-aniversario","tag-carros-alegoricos","tag-colegio-nueva-esperanza","tag-noticias","tag-yungay","tag-yungayino","tag-yungayinocl"],"_links":{"self":[{"href":"https:\/\/www.yungayino.cl\/noticias\/index.php?rest_route=\/wp\/v2\/posts\/19946","targetHints":{"allow":["GET"]}}],"collection":[{"href":"https:\/\/www.yungayino.cl\/noticias\/index.php?rest_route=\/wp\/v2\/posts"}],"about":[{"href":"https:\/\/www.yungayino.cl\/noticias\/index.php?rest_route=\/wp\/v2\/types\/post"}],"author":[{"embeddable":true,"href":"https:\/\/www.yungayino.cl\/noticias\/index.php?rest_route=\/wp\/v2\/users\/2"}],"replies":[{"embeddable":true,"href":"https:\/\/www.yungayino.cl\/noticias\/index.php?rest_route=%2Fwp%2Fv2%2Fcomments&post=19946"}],"version-history":[{"count":1,"href":"https:\/\/www.yungayino.cl\/noticias\/index.php?rest_route=\/wp\/v2\/posts\/19946\/revisions"}],"predecessor-version":[{"id":19949,"href":"https:\/\/www.yungayino.cl\/noticias\/index.php?rest_route=\/wp\/v2\/posts\/19946\/revisions\/19949"}],"wp:featuredmedia":[{"embeddable":true,"href":"https:\/\/www.yungayino.cl\/noticias\/index.php?rest_route=\/wp\/v2\/media\/19947"}],"wp:attachment":[{"href":"https:\/\/www.yungayino.cl\/noticias\/index.php?rest_route=%2Fwp%2Fv2%2Fmedia&parent=19946"}],"wp:term":[{"taxonomy":"category","embeddable":true,"href":"https:\/\/www.yungayino.cl\/noticias\/index.php?rest_route=%2Fwp%2Fv2%2Fcategories&post=19946"},{"taxonomy":"post_tag","embeddable":true,"href":"https:\/\/www.yungayino.cl\/noticias\/index.php?rest_route=%2Fwp%2Fv2%2Ftags&post=19946"}],"curies":[{"name":"wp","href":"https:\/\/api.w.org\/{rel}","templated":true}]}}