{"id":19969,"date":"2018-11-20T10:00:58","date_gmt":"2018-11-20T13:00:58","guid":{"rendered":"http:\/\/www.yungayino.cl\/noticias\/?p=19969"},"modified":"2018-11-20T12:32:55","modified_gmt":"2018-11-20T15:32:55","slug":"os-11-de-carabineros-de-nuble-entregara-135-armas-al-ejercito-para-destruccion","status":"publish","type":"post","link":"https:\/\/www.yungayino.cl\/noticias\/?p=19969","title":{"rendered":"OS-11 de Carabineros de \u00d1uble Entregar\u00e1 135 Armas al Ej\u00e9rcito Para Destrucci\u00f3n"},"content":{"rendered":"<p><img loading=\"lazy\" decoding=\"async\" class=\"alignnone size-full wp-image-19971\" src=\"http:\/\/www.yungayino.cl\/noticias\/wp-content\/uploads\/2018\/11\/carabineros_armas-1.jpg\" alt=\"\" width=\"700\" height=\"350\" srcset=\"https:\/\/www.yungayino.cl\/noticias\/wp-content\/uploads\/2018\/11\/carabineros_armas-1.jpg 700w, https:\/\/www.yungayino.cl\/noticias\/wp-content\/uploads\/2018\/11\/carabineros_armas-1-300x150.jpg 300w\" sizes=\"auto, (max-width: 700px) 100vw, 700px\" \/><\/p>\n<p style=\"text-align: justify;\">Regional, martes 20 de noviembre 2018: Esta semana una comisi\u00f3n del OS-11 de Carabineros de \u00d1uble viajar\u00e1 a Santiago para entregar las 135 armas resguardadas en el \u00faltimo a\u00f1o a la unidad de Arsenal de Guerra del Ej\u00e9rcito, para ser destruidas.<\/p>\n<p style=\"text-align: justify;\"><iframe loading=\"lazy\" style=\"border: none; overflow: hidden;\" src=\"https:\/\/www.facebook.com\/plugins\/post.php?href=https:\/\/www.facebook.com\/media\/set\/?set=a.2353334218014937&amp;type=1&amp;l=fbdd6a75fe&amp;l=a77e327dc6&amp;l=f5951f1994&amp;l=bfecbb8adf&amp;l=687b6bf5da&amp;width=500&amp;show_text=true&amp;height=691&amp;appId\" width=\"500\" height=\"691\" frameborder=\"0\" scrolling=\"no\"><\/iframe><\/p>\n<p style=\"text-align: justify;\">El armamento, compuesto por armas largas y cortas obtenidas por entrega voluntaria del propietario y por orden del fiscal tras decomiso o procedimiento judicial, est\u00e1 completamente vigente y en funcionamiento, como es el caso de las armas hechizas.<\/p>\n<p style=\"text-align: justify;\">La jornada de este mi\u00e9rcoles y en contexto de la entrega de la Cuenta P\u00fablica de la Segunda Comisar\u00eda de Chill\u00e1n, el armamento en resguardo fue exhibido a la comunidad por el OS-11, con el fin de entregar ejemplos de los procedimientos policiales y motivar no s\u00f3lo la entrega voluntaria del armamento, sino al conocimiento de la Ley 17.798\u00a0 de Control de Armas y Explosivos.<\/p>\n<p style=\"text-align: justify;\">\u00a0\u201cQueremos incentivar a la comunidad para que se acerque a nosotros a conocer detalles importantes de la Ley, porque las principales faltas cometidas con el armamento se generan por desinformaci\u00f3n del propietario\u201d, se\u00f1al\u00f3 en la exposici\u00f3n el integrante del OS-11, Suboficial Mayor Carlos Valenzuela.<\/p>\n<p style=\"text-align: justify;\">Entre otros puntos importantes descritos en la norma, cabe se\u00f1alar que un gran porcentaje de los due\u00f1os de armamento no realizan la actualizaci\u00f3n de los requisitos de porte de armas cada 5 a\u00f1os como lo establece la Ley, relacionados con capacidades f\u00edsicas y psicol\u00f3gicas, por ejemplo.<\/p>\n<p style=\"text-align: justify;\">[su_button url=\u00bbhttps:\/\/www.facebook.com\/media\/set\/?set=a.2353334218014937&amp;type=1&amp;l=fbdd6a75fe\u00bb target=\u00bbblank\u00bb size=\u00bb7&#8243; radius=\u00bbround\u00bb icon=\u00bbicon: facebook-square\u00bb]FOTOGRAF\u00cdAS &#8211; OS-11 de Carabineros de \u00d1uble Entregar\u00e1 135 Armas al Ej\u00e9rcito Para Destrucci\u00f3n[\/su_button]<\/p>\n","protected":false},"excerpt":{"rendered":"<p>Regional, martes 20 de noviembre 2018: Esta semana una comisi\u00f3n del OS-11 de Carabineros de \u00d1uble viajar\u00e1 a Santiago para entregar las 135 armas resguardadas en el \u00faltimo a\u00f1o a la unidad de Arsenal&#46;&#46;&#46;<\/p>\n","protected":false},"author":2,"featured_media":19971,"comment_status":"closed","ping_status":"open","sticky":false,"template":"","format":"standard","meta":{"footnotes":""},"categories":[1],"tags":[1863,25,1115,8,6,117],"class_list":["post-19969","post","type-post","status-publish","format-standard","has-post-thumbnail","hentry","category-noticias","tag-armas","tag-carabineros","tag-noticias","tag-yungay","tag-yungayino","tag-yungayinocl"],"_links":{"self":[{"href":"https:\/\/www.yungayino.cl\/noticias\/index.php?rest_route=\/wp\/v2\/posts\/19969","targetHints":{"allow":["GET"]}}],"collection":[{"href":"https:\/\/www.yungayino.cl\/noticias\/index.php?rest_route=\/wp\/v2\/posts"}],"about":[{"href":"https:\/\/www.yungayino.cl\/noticias\/index.php?rest_route=\/wp\/v2\/types\/post"}],"author":[{"embeddable":true,"href":"https:\/\/www.yungayino.cl\/noticias\/index.php?rest_route=\/wp\/v2\/users\/2"}],"replies":[{"embeddable":true,"href":"https:\/\/www.yungayino.cl\/noticias\/index.php?rest_route=%2Fwp%2Fv2%2Fcomments&post=19969"}],"version-history":[{"count":1,"href":"https:\/\/www.yungayino.cl\/noticias\/index.php?rest_route=\/wp\/v2\/posts\/19969\/revisions"}],"predecessor-version":[{"id":19972,"href":"https:\/\/www.yungayino.cl\/noticias\/index.php?rest_route=\/wp\/v2\/posts\/19969\/revisions\/19972"}],"wp:featuredmedia":[{"embeddable":true,"href":"https:\/\/www.yungayino.cl\/noticias\/index.php?rest_route=\/wp\/v2\/media\/19971"}],"wp:attachment":[{"href":"https:\/\/www.yungayino.cl\/noticias\/index.php?rest_route=%2Fwp%2Fv2%2Fmedia&parent=19969"}],"wp:term":[{"taxonomy":"category","embeddable":true,"href":"https:\/\/www.yungayino.cl\/noticias\/index.php?rest_route=%2Fwp%2Fv2%2Fcategories&post=19969"},{"taxonomy":"post_tag","embeddable":true,"href":"https:\/\/www.yungayino.cl\/noticias\/index.php?rest_route=%2Fwp%2Fv2%2Ftags&post=19969"}],"curies":[{"name":"wp","href":"https:\/\/api.w.org\/{rel}","templated":true}]}}