{"id":19997,"date":"2018-11-23T09:30:55","date_gmt":"2018-11-23T12:30:55","guid":{"rendered":"http:\/\/www.yungayino.cl\/noticias\/?p=19997"},"modified":"2018-11-23T10:13:14","modified_gmt":"2018-11-23T13:13:14","slug":"ninos-de-charrua-previenen-los-incendios-forestales-en-su-sector-gracias-a-programa-educativo-de-conaf","status":"publish","type":"post","link":"https:\/\/www.yungayino.cl\/noticias\/?p=19997","title":{"rendered":"Ni\u00f1os de Charr\u00faa Previenen los Incendios Forestales en su Sector Gracias a Programa Educativo de CONAF"},"content":{"rendered":"<p><img loading=\"lazy\" decoding=\"async\" class=\"alignnone size-full wp-image-19998\" src=\"http:\/\/www.yungayino.cl\/noticias\/wp-content\/uploads\/2018\/11\/charrua_forestacuentos.jpg\" alt=\"\" width=\"700\" height=\"350\" srcset=\"https:\/\/www.yungayino.cl\/noticias\/wp-content\/uploads\/2018\/11\/charrua_forestacuentos.jpg 700w, https:\/\/www.yungayino.cl\/noticias\/wp-content\/uploads\/2018\/11\/charrua_forestacuentos-300x150.jpg 300w\" sizes=\"auto, (max-width: 700px) 100vw, 700px\" \/><\/p>\n<p style=\"text-align: justify;\">Cabrero, Noviembre 2018:\u00a0En el patio de su establecimiento, rodeado de \u00e1rboles, los estudiantes m\u00e1s peque\u00f1os de la Escuela Hogar E- 1104 de Charr\u00faa, de la comuna de Cabrero, entregaron a Forest\u00edn sus creaciones literarias realizadas gracias a Forestacuentos, actividad especial del componente de educaci\u00f3n ambiental del Programa \u201cPrevenci\u00f3n de Incendios Forestales en Zonas de Interfaz\u201d, ejecutado por la Corporaci\u00f3n Nacional Forestal (CONAF) el cual es financiado por el Fondo de Desarrollo Regional (FNDR).<\/p>\n<p style=\"text-align: justify;\">Forestacuentos es un m\u00e9todo educativo, \u00fanico en el pa\u00eds, cuyo objetivo es inculcar valores y conductas positivas hacia el medio ambiente, a trav\u00e9s de un trabajo educativo basado en la utilizaci\u00f3n de materiales did\u00e1cticos y audiovisuales entregados por la Corporaci\u00f3n, que complementan el trabajo curricular de los docentes de Pre K\u00ednder, K\u00ednder y Primer A\u00f1o B\u00e1sico. Todo este trabajo realizado durante el a\u00f1o escolar se ve reflejado en la actividad final que es la creaci\u00f3n de cuentos relacionados al cuidado del entorno y la prevenci\u00f3n de incendios forestales.<\/p>\n<p style=\"text-align: justify;\"><iframe loading=\"lazy\" style=\"border: none; overflow: hidden;\" src=\"https:\/\/www.facebook.com\/plugins\/post.php?href=https:\/\/www.facebook.com\/media\/set\/?set=a.2357140067634352&amp;type=1&amp;l=67800bf1d4&amp;l=a77e327dc6&amp;l=f5951f1994&amp;l=bfecbb8adf&amp;l=687b6bf5da&amp;width=500&amp;show_text=true&amp;height=691&amp;appId\" width=\"500\" height=\"691\" frameborder=\"0\" scrolling=\"no\"><\/iframe><\/p>\n<p style=\"text-align: justify;\">En la ceremonia final, protagonizada por los cuarenta y siete estudiantes que participaron de Forestacuentos, estuvo presente el director regional (S) de Conaf, Jorge Quappe de la Maza; el jefe provincial (s) de Conaf Biob\u00edo, Ram\u00f3n Vallejos; la directora (s) del Departamento Municipal de Educaci\u00f3n de Cabrero, Nancy Salas; y concejales de la comuna.<\/p>\n<p style=\"text-align: justify;\">En la oportunidad, Jorge Quappe\u00a0 destac\u00f3 que \u201ccon este programa, financiado por el Gobierno Regional, estamos trabajando en 24 comunas, espec\u00edficamente en 57 sectores, donde se ha realizado un esfuerzo importante para incorporar los cursos de Pre k\u00ednder, K\u00ednder y Primer A\u00f1o B\u00e1sico. Desde ese punto de vista, estar hoy en la escuela de Charr\u00faa es fundamental para ratificar nuestra intenci\u00f3n de trabajar con las comunas, y especialmente con los ni\u00f1os, y que mejor que con esta hermosa actividad que es Forestacuentos, donde se realzan los valores como solidaridad y compa\u00f1erismo, siempre ligado a la protecci\u00f3n del medio ambiente y de la flora y fauna\u201d.<\/p>\n<p style=\"text-align: justify;\">Por su parte, el director del establecimiento, Ricardo Ortiz, destac\u00f3 el aporte que tuvo este programa para su comunidad: \u201cUno de nuestros sellos educativos tiene que ver con el cuidado del medio ambiente con \u00e9nfasis en el entorno. Con Forestacuentos se une otra variable que es la educativa. Por ejemplo, para nosotros fue muy importante que se hayan involucrados los padres en la creaci\u00f3n literaria, orientadas a temas ambientales. Todo esto es doblemente significativo, ya que en el fondo se est\u00e1 conectando la escuela con la instituci\u00f3n, que es Conaf y con algunos objetivos de apoyo y autoestima educativa, incorporando el proyecto educativo, nuestro entorno, y la vinculaci\u00f3n parental que se produce al realizar los cuentos\u201d recalc\u00f3 el directivo.<\/p>\n<p style=\"text-align: justify;\">Este mismo aspecto fue el que resalt\u00f3 la educadora de p\u00e1rvulos Vilma Riquelme, profesora de Pre K\u00ednder, qui\u00e9n coment\u00f3 que \u201cnosotros pensamos que para mayor conciencia en el trabajo de los ni\u00f1os, hicimos que cada familia construyera el cuento con su hijo, entonces muchos de los cuentos tienen incluido el nombre de los ni\u00f1os, por ejemplo\u00a0<em>Forest\u00edn y David<\/em>, porque ellos fueron involucrados dentro de las historias. Entonces fue un trabajo en familia, con el objetivo que los padres tambi\u00e9n se involucrar\u00e1n en el cuidado del medio ambiente y del bosque y de no contaminarlo\u201d.<\/p>\n<p style=\"text-align: justify;\">Cabe destacar que gracias al programa \u201cPrevenci\u00f3n de Incendios Forestales en Zonas de Interfaz\u201d, en la Provincia de Biob\u00edo, Forestacuentos se est\u00e1 ejecutando en las comunas de Cabrero, Los \u00c1ngeles, Mulch\u00e9n, Yumbel y Laja, territorios identificados por Conaf como cr\u00edticos en ocurrencia de incendios forestales.<\/p>\n<p style=\"text-align: justify;\">En tanto en la Regi\u00f3n de Biob\u00edo y \u00d1uble, la actividad se ha ejecutado en 153 cursos de 47 establecimientos educacionales que aprendieron nuevos conocimientos y reforzaron la prevenci\u00f3n de incendios forestales.<\/p>\n<p style=\"text-align: justify;\">El programa \u201cPrevenci\u00f3n de Incendios Forestales en Zonas de Interfaz\u201d, que considera una inversi\u00f3n de m\u00e1s de 3 mil millones, tiene como objetivo Disminuir el impacto social, ambiental y econ\u00f3mico que produce la ocurrencia de un incendio forestal en las zonas de interfaz de las 24 comunas cr\u00edticas de ocurrencia de incendios forestales en la Regi\u00f3n de Biob\u00edo y la nueva Regi\u00f3n de \u00d1uble.<\/p>\n<p style=\"text-align: justify;\">[su_button url=\u00bbhttps:\/\/www.facebook.com\/media\/set\/?set=a.2357140067634352&amp;type=1&amp;l=67800bf1d4&#8243; target=\u00bbblank\u00bb size=\u00bb7&#8243; radius=\u00bbround\u00bb icon=\u00bbicon: facebook-square\u00bb]FOTOGRAF\u00cdAS &#8211; Ni\u00f1os de Charr\u00faa Previenen los Incendios Forestales en su Sector Gracias a Programa Educativo de CONAF[\/su_button]<\/p>\n","protected":false},"excerpt":{"rendered":"<p>Cabrero, Noviembre 2018:\u00a0En el patio de su establecimiento, rodeado de \u00e1rboles, los estudiantes m\u00e1s peque\u00f1os de la Escuela Hogar E- 1104 de Charr\u00faa, de la comuna de Cabrero, entregaron a Forest\u00edn sus creaciones literarias&#46;&#46;&#46;<\/p>\n","protected":false},"author":2,"featured_media":19998,"comment_status":"closed","ping_status":"open","sticky":false,"template":"","format":"standard","meta":{"footnotes":""},"categories":[1],"tags":[980,979,192,1115,8,6,117],"class_list":["post-19997","post","type-post","status-publish","format-standard","has-post-thumbnail","hentry","category-noticias","tag-cabrero","tag-charrua","tag-conaf","tag-noticias","tag-yungay","tag-yungayino","tag-yungayinocl"],"_links":{"self":[{"href":"https:\/\/www.yungayino.cl\/noticias\/index.php?rest_route=\/wp\/v2\/posts\/19997","targetHints":{"allow":["GET"]}}],"collection":[{"href":"https:\/\/www.yungayino.cl\/noticias\/index.php?rest_route=\/wp\/v2\/posts"}],"about":[{"href":"https:\/\/www.yungayino.cl\/noticias\/index.php?rest_route=\/wp\/v2\/types\/post"}],"author":[{"embeddable":true,"href":"https:\/\/www.yungayino.cl\/noticias\/index.php?rest_route=\/wp\/v2\/users\/2"}],"replies":[{"embeddable":true,"href":"https:\/\/www.yungayino.cl\/noticias\/index.php?rest_route=%2Fwp%2Fv2%2Fcomments&post=19997"}],"version-history":[{"count":2,"href":"https:\/\/www.yungayino.cl\/noticias\/index.php?rest_route=\/wp\/v2\/posts\/19997\/revisions"}],"predecessor-version":[{"id":20000,"href":"https:\/\/www.yungayino.cl\/noticias\/index.php?rest_route=\/wp\/v2\/posts\/19997\/revisions\/20000"}],"wp:featuredmedia":[{"embeddable":true,"href":"https:\/\/www.yungayino.cl\/noticias\/index.php?rest_route=\/wp\/v2\/media\/19998"}],"wp:attachment":[{"href":"https:\/\/www.yungayino.cl\/noticias\/index.php?rest_route=%2Fwp%2Fv2%2Fmedia&parent=19997"}],"wp:term":[{"taxonomy":"category","embeddable":true,"href":"https:\/\/www.yungayino.cl\/noticias\/index.php?rest_route=%2Fwp%2Fv2%2Fcategories&post=19997"},{"taxonomy":"post_tag","embeddable":true,"href":"https:\/\/www.yungayino.cl\/noticias\/index.php?rest_route=%2Fwp%2Fv2%2Ftags&post=19997"}],"curies":[{"name":"wp","href":"https:\/\/api.w.org\/{rel}","templated":true}]}}