{"id":20014,"date":"2018-11-28T13:00:43","date_gmt":"2018-11-28T16:00:43","guid":{"rendered":"http:\/\/www.yungayino.cl\/noticias\/?p=20014"},"modified":"2018-11-28T14:43:49","modified_gmt":"2018-11-28T17:43:49","slug":"la-escuela-de-fronteras-de-carabineros-de-chile-teniente-hernan-merino-correa-visito-yungay","status":"publish","type":"post","link":"https:\/\/www.yungayino.cl\/noticias\/?p=20014","title":{"rendered":"La Escuela de Fronteras de Carabineros de Chile \u00abTeniente Hern\u00e1n Merino Correa\u00bb, Visit\u00f3 Yungay"},"content":{"rendered":"<p><img loading=\"lazy\" decoding=\"async\" class=\"alignnone size-full wp-image-20015\" src=\"http:\/\/www.yungayino.cl\/noticias\/wp-content\/uploads\/2018\/11\/escuela_frontera_carabineros.jpg\" alt=\"\" width=\"700\" height=\"350\" srcset=\"https:\/\/www.yungayino.cl\/noticias\/wp-content\/uploads\/2018\/11\/escuela_frontera_carabineros.jpg 700w, https:\/\/www.yungayino.cl\/noticias\/wp-content\/uploads\/2018\/11\/escuela_frontera_carabineros-300x150.jpg 300w\" sizes=\"auto, (max-width: 700px) 100vw, 700px\" \/><\/p>\n<p style=\"text-align: justify;\">Yungay, mi\u00e9rcoles 28 de noviembre 2018: La Escuela de Fronteras de Carabineros de Chile \u00abTeniente Hern\u00e1n Merino Correa\u00bb visit\u00f3 el pasado lunes 26 de noviembre nuestra comuna, liderados por el Teniente Coronel Yungayino Sr. Rodrigo Castro Cort\u00e9s, instancia que se realiz\u00f3 un acto y desfile.<\/p>\n<p style=\"text-align: justify;\"><iframe loading=\"lazy\" style=\"border: none; overflow: hidden;\" src=\"https:\/\/www.facebook.com\/plugins\/post.php?href=https:\/\/www.facebook.com\/media\/set\/?set=a.2364465246901834&amp;type=1&amp;l=a8f0d0e462&amp;l=a77e327dc6&amp;l=f5951f1994&amp;l=bfecbb8adf&amp;l=687b6bf5da&amp;width=500&amp;show_text=true&amp;height=691&amp;appId\" width=\"500\" height=\"691\" frameborder=\"0\" scrolling=\"no\"><\/iframe><\/p>\n<p style=\"text-align: justify;\">Se\u00f1alar que la Escuela de Fronteras de Carabineros de Chile \u00abTeniente Hern\u00e1n Merino Correa\u00bb es un plantel de estudios t\u00e9cnico-profesionales, cuya misi\u00f3n es especializar al Personal de Nombramiento Supremo (P.N.S.) e Institucional (P.N.I.) en materias propias y espec\u00edficas relacionadas con los servicios policiales a realizar en Monta\u00f1a y Fronteras, para resguardar y prevenir la ocurrencia de delitos en las zonas fronterizas del pa\u00eds.<\/p>\n<p style=\"text-align: justify;\">Destacar que durante el acto se hizo entrega de un reconocimiento en homenaje al Yungayino Teniente Coronel Sr. <strong>Rodrigo Castro Cort\u00e9s, <\/strong>adem\u00e1s mencionar que tambi\u00e9n es el Director de la Escuela de Frontera, quien agradeci\u00f3 el reconocimiento el cual fue entregado por el alcalde Sr. Rafael Cifuentes.<\/p>\n<p style=\"text-align: justify;\">Finalmente se llev\u00f3 a cabo el desfile el cual fue amenizado por la Banda de Guerra Escolar de Yungay.<\/p>\n<p style=\"text-align: justify;\">[su_button url=\u00bbhttps:\/\/www.facebook.com\/media\/set\/?set=a.2364465246901834&amp;type=1&amp;l=a8f0d0e462&#8243; target=\u00bbblank\u00bb size=\u00bb7&#8243; radius=\u00bbround\u00bb icon=\u00bbicon: facebook-square\u00bb]FOTOGRAF\u00cdAS &#8211; La Escuela de Fronteras de Carabineros de Chile \u00abTeniente Hern\u00e1n Merino Correa\u00bb, Visit\u00f3 Yungay[\/su_button]<\/p>\n","protected":false},"excerpt":{"rendered":"<p>Yungay, mi\u00e9rcoles 28 de noviembre 2018: La Escuela de Fronteras de Carabineros de Chile \u00abTeniente Hern\u00e1n Merino Correa\u00bb visit\u00f3 el pasado lunes 26 de noviembre nuestra comuna, liderados por el Teniente Coronel Yungayino Sr.&#46;&#46;&#46;<\/p>\n","protected":false},"author":2,"featured_media":20015,"comment_status":"closed","ping_status":"open","sticky":false,"template":"","format":"standard","meta":{"footnotes":""},"categories":[1],"tags":[1874,1115,8,6,117],"class_list":["post-20014","post","type-post","status-publish","format-standard","has-post-thumbnail","hentry","category-noticias","tag-escuela-de-fronteras-de-carabineros","tag-noticias","tag-yungay","tag-yungayino","tag-yungayinocl"],"_links":{"self":[{"href":"https:\/\/www.yungayino.cl\/noticias\/index.php?rest_route=\/wp\/v2\/posts\/20014","targetHints":{"allow":["GET"]}}],"collection":[{"href":"https:\/\/www.yungayino.cl\/noticias\/index.php?rest_route=\/wp\/v2\/posts"}],"about":[{"href":"https:\/\/www.yungayino.cl\/noticias\/index.php?rest_route=\/wp\/v2\/types\/post"}],"author":[{"embeddable":true,"href":"https:\/\/www.yungayino.cl\/noticias\/index.php?rest_route=\/wp\/v2\/users\/2"}],"replies":[{"embeddable":true,"href":"https:\/\/www.yungayino.cl\/noticias\/index.php?rest_route=%2Fwp%2Fv2%2Fcomments&post=20014"}],"version-history":[{"count":1,"href":"https:\/\/www.yungayino.cl\/noticias\/index.php?rest_route=\/wp\/v2\/posts\/20014\/revisions"}],"predecessor-version":[{"id":20016,"href":"https:\/\/www.yungayino.cl\/noticias\/index.php?rest_route=\/wp\/v2\/posts\/20014\/revisions\/20016"}],"wp:featuredmedia":[{"embeddable":true,"href":"https:\/\/www.yungayino.cl\/noticias\/index.php?rest_route=\/wp\/v2\/media\/20015"}],"wp:attachment":[{"href":"https:\/\/www.yungayino.cl\/noticias\/index.php?rest_route=%2Fwp%2Fv2%2Fmedia&parent=20014"}],"wp:term":[{"taxonomy":"category","embeddable":true,"href":"https:\/\/www.yungayino.cl\/noticias\/index.php?rest_route=%2Fwp%2Fv2%2Fcategories&post=20014"},{"taxonomy":"post_tag","embeddable":true,"href":"https:\/\/www.yungayino.cl\/noticias\/index.php?rest_route=%2Fwp%2Fv2%2Ftags&post=20014"}],"curies":[{"name":"wp","href":"https:\/\/api.w.org\/{rel}","templated":true}]}}