{"id":20017,"date":"2018-11-29T20:00:21","date_gmt":"2018-11-29T23:00:21","guid":{"rendered":"http:\/\/www.yungayino.cl\/noticias\/?p=20017"},"modified":"2018-11-29T22:09:22","modified_gmt":"2018-11-30T01:09:22","slug":"primer-festival-de-la-voz-realizo-escuela-fernando-baquedano-de-yungay","status":"publish","type":"post","link":"https:\/\/www.yungayino.cl\/noticias\/?p=20017","title":{"rendered":"\u201cPrimer Festival de la Voz\u201d, Realiz\u00f3 Escuela Fernando Baquedano de Yungay"},"content":{"rendered":"<p><img loading=\"lazy\" decoding=\"async\" class=\"alignnone size-full wp-image-20018\" src=\"http:\/\/www.yungayino.cl\/noticias\/wp-content\/uploads\/2018\/11\/baquedano_primer_festival_de_la_voz.jpg\" alt=\"\" width=\"700\" height=\"350\" srcset=\"https:\/\/www.yungayino.cl\/noticias\/wp-content\/uploads\/2018\/11\/baquedano_primer_festival_de_la_voz.jpg 700w, https:\/\/www.yungayino.cl\/noticias\/wp-content\/uploads\/2018\/11\/baquedano_primer_festival_de_la_voz-300x150.jpg 300w\" sizes=\"auto, (max-width: 700px) 100vw, 700px\" \/><\/p>\n<p style=\"text-align: justify;\">Yungay, jueves 29 de noviembre 2018: Exitoso fue el <strong>\u201cPrimer Festival de la Voz Infantil\u201d<\/strong> organizado por la Escuela Fernando Baquedano de Yungay, y que cont\u00f3 con la participaci\u00f3n de 14 cantantes.<\/p>\n<p style=\"text-align: justify;\"><iframe loading=\"lazy\" style=\"border: none; overflow: hidden;\" src=\"https:\/\/www.facebook.com\/plugins\/post.php?href=https:\/\/www.facebook.com\/media\/set\/?set=a.2366309166717442&amp;type=1&amp;l=9fedaaab65&amp;l=a77e327dc6&amp;l=f5951f1994&amp;l=bfecbb8adf&amp;l=687b6bf5da&amp;width=500&amp;show_text=true&amp;height=691&amp;appId\" width=\"500\" height=\"691\" frameborder=\"0\" scrolling=\"no\"><\/iframe><\/p>\n<p style=\"text-align: justify;\">Las ni\u00f1as y ni\u00f1os entregaron todo su talento en el escenario del Sal\u00f3n Auditorio de la Biblioteca P\u00fablica Municipal para llevarse el trofeo y los premios en esta primera versi\u00f3n del festival, destinado a convertirse en una gran tradici\u00f3n art\u00edstica anual de la Escuela Fernando Baquedano, y que se realiz\u00f3 en la antesala de las actividades de un nuevo aniversario.<\/p>\n<p style=\"text-align: justify;\">Al t\u00e9rmino de la jornada el Director Sr. Zoilo Irarr\u00e1zabal, destac\u00f3 la jornada como exitosa, donde se pudo ver ni\u00f1os (as) muy talentosos y que pudieron\u00a0\u00a0 demostrar todo su potencial art\u00edstico, esperando darle continuidad a este Festival y hacerlo cada a\u00f1o mejor.<\/p>\n<p style=\"text-align: justify;\">[su_button url=\u00bbhttps:\/\/www.facebook.com\/media\/set\/?set=a.2366309166717442&amp;type=1&amp;l=9fedaaab65&#8243; target=\u00bbblank\u00bb size=\u00bb7&#8243; radius=\u00bbround\u00bb icon=\u00bbicon: facebook-square\u00bb]FOTOGRAF\u00cdAS &#8211; \u201cPrimer Festival de la Voz\u201d, Realiz\u00f3 Escuela Fernando Baquedano de Yungay[\/su_button]<\/p>\n","protected":false},"excerpt":{"rendered":"<p>Yungay, jueves 29 de noviembre 2018: Exitoso fue el \u201cPrimer Festival de la Voz Infantil\u201d organizado por la Escuela Fernando Baquedano de Yungay, y que cont\u00f3 con la participaci\u00f3n de 14 cantantes. Las ni\u00f1as&#46;&#46;&#46;<\/p>\n","protected":false},"author":2,"featured_media":20018,"comment_status":"closed","ping_status":"open","sticky":false,"template":"","format":"standard","meta":{"footnotes":""},"categories":[5,1],"tags":[190,1115,1875,8,6,117],"class_list":["post-20017","post","type-post","status-publish","format-standard","has-post-thumbnail","hentry","category-eventos","category-noticias","tag-escuela-fernando-baquedano","tag-noticias","tag-primer-festival-de-la-voz","tag-yungay","tag-yungayino","tag-yungayinocl"],"_links":{"self":[{"href":"https:\/\/www.yungayino.cl\/noticias\/index.php?rest_route=\/wp\/v2\/posts\/20017","targetHints":{"allow":["GET"]}}],"collection":[{"href":"https:\/\/www.yungayino.cl\/noticias\/index.php?rest_route=\/wp\/v2\/posts"}],"about":[{"href":"https:\/\/www.yungayino.cl\/noticias\/index.php?rest_route=\/wp\/v2\/types\/post"}],"author":[{"embeddable":true,"href":"https:\/\/www.yungayino.cl\/noticias\/index.php?rest_route=\/wp\/v2\/users\/2"}],"replies":[{"embeddable":true,"href":"https:\/\/www.yungayino.cl\/noticias\/index.php?rest_route=%2Fwp%2Fv2%2Fcomments&post=20017"}],"version-history":[{"count":1,"href":"https:\/\/www.yungayino.cl\/noticias\/index.php?rest_route=\/wp\/v2\/posts\/20017\/revisions"}],"predecessor-version":[{"id":20019,"href":"https:\/\/www.yungayino.cl\/noticias\/index.php?rest_route=\/wp\/v2\/posts\/20017\/revisions\/20019"}],"wp:featuredmedia":[{"embeddable":true,"href":"https:\/\/www.yungayino.cl\/noticias\/index.php?rest_route=\/wp\/v2\/media\/20018"}],"wp:attachment":[{"href":"https:\/\/www.yungayino.cl\/noticias\/index.php?rest_route=%2Fwp%2Fv2%2Fmedia&parent=20017"}],"wp:term":[{"taxonomy":"category","embeddable":true,"href":"https:\/\/www.yungayino.cl\/noticias\/index.php?rest_route=%2Fwp%2Fv2%2Fcategories&post=20017"},{"taxonomy":"post_tag","embeddable":true,"href":"https:\/\/www.yungayino.cl\/noticias\/index.php?rest_route=%2Fwp%2Fv2%2Ftags&post=20017"}],"curies":[{"name":"wp","href":"https:\/\/api.w.org\/{rel}","templated":true}]}}