{"id":20020,"date":"2018-11-30T13:00:04","date_gmt":"2018-11-30T16:00:04","guid":{"rendered":"http:\/\/www.yungayino.cl\/noticias\/?p=20020"},"modified":"2018-11-30T15:37:43","modified_gmt":"2018-11-30T18:37:43","slug":"gendarmeria-de-chile-yungay-realizo-acto-de-ceremonia-en-su-aniversario-n-88","status":"publish","type":"post","link":"https:\/\/www.yungayino.cl\/noticias\/?p=20020","title":{"rendered":"Gendarmer\u00eda de Chile Yungay Realiz\u00f3 Acto de Ceremonia en su Aniversario N\u00b0 88"},"content":{"rendered":"<p><img loading=\"lazy\" decoding=\"async\" class=\"alignnone size-full wp-image-20021\" src=\"http:\/\/www.yungayino.cl\/noticias\/wp-content\/uploads\/2018\/11\/gendarmeria_aniversario_2018.jpg\" alt=\"\" width=\"700\" height=\"350\" srcset=\"https:\/\/www.yungayino.cl\/noticias\/wp-content\/uploads\/2018\/11\/gendarmeria_aniversario_2018.jpg 700w, https:\/\/www.yungayino.cl\/noticias\/wp-content\/uploads\/2018\/11\/gendarmeria_aniversario_2018-300x150.jpg 300w\" sizes=\"auto, (max-width: 700px) 100vw, 700px\" \/><\/p>\n<p style=\"text-align: justify;\">Yungay, viernes 30 de noviembre 2018: Gendarmer\u00eda de Chile, representada por el Centro de Detenci\u00f3n Preventivo de Yungay, realiz\u00f3 este mi\u00e9rcoles 28 de noviembre un acto de ceremonia con motivo de celebrar su octog\u00e9simo octavo aniversario, desde su fundaci\u00f3n como instituci\u00f3n a cargo del sistema penitenciario chileno, la cual se llev\u00f3 a cabo en las dependencias del Auditorio de la Biblioteca P\u00fablica de Yungay.<\/p>\n<p style=\"text-align: justify;\"><iframe loading=\"lazy\" style=\"border: none; overflow: hidden;\" src=\"https:\/\/www.facebook.com\/plugins\/post.php?href=https:\/\/www.facebook.com\/media\/set\/?set=a.2367213183293707&amp;type=1&amp;l=77a91fef73&amp;l=a77e327dc6&amp;l=f5951f1994&amp;l=bfecbb8adf&amp;l=687b6bf5da&amp;width=500&amp;show_text=true&amp;height=691&amp;appId\" width=\"500\" height=\"691\" frameborder=\"0\" scrolling=\"no\"><\/iframe><\/p>\n<p style=\"text-align: justify;\">La actividad estuvo liderada por la Seremi de Justicia de la Regi\u00f3n de \u00d1uble Sra. Jacqueline Gui\u00f1ez, el Alcaide Teniente Sr. Carlos Hern\u00e1ndez, el alcalde Sr. Rafael Cifuentes, concejales, autoridades locales e invitados especiales.<\/p>\n<p style=\"text-align: justify;\">La ceremonia se dio inicio con la interpretaci\u00f3n del Himno Nacional para luego invitar al Capell\u00e1n Evang\u00e9lico, Reverendo Pastor Sr. Bernardo Leal P\u00e9rez, quien en nombre de Dios bendijo los nuevos grados y distintivos que lucir\u00e1n el personal condecorado en esta ceremonia.<\/p>\n<p style=\"text-align: justify;\"><strong>Ascensos y A\u00f1os de Antig\u00fcedad:<\/strong><\/p>\n<p style=\"text-align: justify;\">En la ocasi\u00f3n se realizaron condecoraciones, medallas y distintivos por ascensos y los a\u00f1os de antig\u00fcedad, donde recibieron galvano la Sra. Cecilia Ruiz y el Sr. Dagoberto Figueroa ambos por 20 a\u00f1os en Gendarmer\u00eda de Chile.<\/p>\n<p style=\"text-align: justify;\">Finalmente la instituci\u00f3n hizo entrega de un reconocimiento al funcionario retirado Sr. Hern\u00e1n Ruiz, por su constante apoyo espiritual a los funcionarios de gendarmer\u00eda y a los internos del CDP de Yungay.<\/p>\n<p style=\"text-align: justify;\">[su_button url=\u00bbhttps:\/\/www.facebook.com\/media\/set\/?set=a.2367213183293707&amp;type=1&amp;l=77a91fef73&#8243; target=\u00bbblank\u00bb size=\u00bb7&#8243; radius=\u00bbround\u00bb icon=\u00bbicon: facebook-square\u00bb]FOTOGRAF\u00cdAS &#8211; Gendarmer\u00eda de Chile Yungay Realiz\u00f3 Acto de Ceremonia en su Aniversario N\u00b0 88[\/su_button]<\/p>\n","protected":false},"excerpt":{"rendered":"<p>Yungay, viernes 30 de noviembre 2018: Gendarmer\u00eda de Chile, representada por el Centro de Detenci\u00f3n Preventivo de Yungay, realiz\u00f3 este mi\u00e9rcoles 28 de noviembre un acto de ceremonia con motivo de celebrar su octog\u00e9simo&#46;&#46;&#46;<\/p>\n","protected":false},"author":2,"featured_media":20021,"comment_status":"closed","ping_status":"open","sticky":false,"template":"","format":"standard","meta":{"footnotes":""},"categories":[1],"tags":[298,361,1115,1567,8,6],"class_list":["post-20020","post","type-post","status-publish","format-standard","has-post-thumbnail","hentry","category-noticias","tag-aniversario","tag-gendarmeria","tag-noticias","tag-yunagyino-cl","tag-yungay","tag-yungayino"],"_links":{"self":[{"href":"https:\/\/www.yungayino.cl\/noticias\/index.php?rest_route=\/wp\/v2\/posts\/20020","targetHints":{"allow":["GET"]}}],"collection":[{"href":"https:\/\/www.yungayino.cl\/noticias\/index.php?rest_route=\/wp\/v2\/posts"}],"about":[{"href":"https:\/\/www.yungayino.cl\/noticias\/index.php?rest_route=\/wp\/v2\/types\/post"}],"author":[{"embeddable":true,"href":"https:\/\/www.yungayino.cl\/noticias\/index.php?rest_route=\/wp\/v2\/users\/2"}],"replies":[{"embeddable":true,"href":"https:\/\/www.yungayino.cl\/noticias\/index.php?rest_route=%2Fwp%2Fv2%2Fcomments&post=20020"}],"version-history":[{"count":1,"href":"https:\/\/www.yungayino.cl\/noticias\/index.php?rest_route=\/wp\/v2\/posts\/20020\/revisions"}],"predecessor-version":[{"id":20022,"href":"https:\/\/www.yungayino.cl\/noticias\/index.php?rest_route=\/wp\/v2\/posts\/20020\/revisions\/20022"}],"wp:featuredmedia":[{"embeddable":true,"href":"https:\/\/www.yungayino.cl\/noticias\/index.php?rest_route=\/wp\/v2\/media\/20021"}],"wp:attachment":[{"href":"https:\/\/www.yungayino.cl\/noticias\/index.php?rest_route=%2Fwp%2Fv2%2Fmedia&parent=20020"}],"wp:term":[{"taxonomy":"category","embeddable":true,"href":"https:\/\/www.yungayino.cl\/noticias\/index.php?rest_route=%2Fwp%2Fv2%2Fcategories&post=20020"},{"taxonomy":"post_tag","embeddable":true,"href":"https:\/\/www.yungayino.cl\/noticias\/index.php?rest_route=%2Fwp%2Fv2%2Ftags&post=20020"}],"curies":[{"name":"wp","href":"https:\/\/api.w.org\/{rel}","templated":true}]}}