{"id":20024,"date":"2018-12-03T14:00:21","date_gmt":"2018-12-03T17:00:21","guid":{"rendered":"http:\/\/www.yungayino.cl\/noticias\/?p=20024"},"modified":"2018-12-03T17:27:33","modified_gmt":"2018-12-03T20:27:33","slug":"ceremonia-de-titulacion-y-cambio-de-nombre-se-llevo-a-cabo-en-liceo-campanario","status":"publish","type":"post","link":"https:\/\/www.yungayino.cl\/noticias\/?p=20024","title":{"rendered":"Ceremonia de Titulaci\u00f3n y Cambio de Nombre se Llev\u00f3 a Cabo en Liceo Campanario"},"content":{"rendered":"<p><img loading=\"lazy\" decoding=\"async\" class=\"alignnone size-full wp-image-20025\" src=\"http:\/\/www.yungayino.cl\/noticias\/wp-content\/uploads\/2018\/12\/campanario_liceo_titulacion_2018.jpg\" alt=\"\" width=\"700\" height=\"350\" srcset=\"https:\/\/www.yungayino.cl\/noticias\/wp-content\/uploads\/2018\/12\/campanario_liceo_titulacion_2018.jpg 700w, https:\/\/www.yungayino.cl\/noticias\/wp-content\/uploads\/2018\/12\/campanario_liceo_titulacion_2018-300x150.jpg 300w\" sizes=\"auto, (max-width: 700px) 100vw, 700px\" \/><\/p>\n<p style=\"text-align: justify;\">Campanario, lunes 03 de diciembre 2018: En las dependencias del Liceo de Campanario se realiz\u00f3 el pasado jueves 29 de noviembre una emotiva Ceremonia de Titulaci\u00f3n de las Especialidades de \u201cAtenci\u00f3n en P\u00e1rvulo\u201d y \u201cMec\u00e1nica Industrial\u201d del Liceo T\u00e9cnico Profesional de Campanario, d\u00f3nde 11 alumnos recibieron su t\u00edtulo.<\/p>\n<p style=\"text-align: justify;\">Para esta emotiva actividad, se cont\u00f3 con la presencia del alcalde Sr. Rafael Cifuentes Rodr\u00edguez, el Gerente de CIDERE BIOBIO, Sr. Pedro Ram\u00edrez Glade, la Jefa DAEM, Sra. Eugenia L\u00f3pez Hern\u00e1ndez, Concejales, Representantes del Consejo Asesor Empresarial, Autoridades Comunales, invitados especiales y familiares que acompa\u00f1aron en esta hermosa ceremonia la cual cont\u00f3 con presentaciones de n\u00fameros art\u00edsticos que dieron un mayor realce a esta Titulaci\u00f3n.<\/p>\n<p style=\"text-align: justify;\"><iframe loading=\"lazy\" style=\"border: none; overflow: hidden;\" src=\"https:\/\/www.facebook.com\/plugins\/post.php?href=https:\/\/www.facebook.com\/media\/set\/?set=a.2371790842835941&amp;type=1&amp;l=3280ff32fa&amp;l=a77e327dc6&amp;l=f5951f1994&amp;l=bfecbb8adf&amp;l=687b6bf5da&amp;width=500&amp;show_text=true&amp;height=691&amp;appId\" width=\"500\" height=\"691\" frameborder=\"0\" scrolling=\"no\"><\/iframe><\/p>\n<p style=\"text-align: justify;\">La ceremonia se inici\u00f3 con el saludo a las autoridades, para luego dar la bienvenida a los Estudiantes egresados y continuar con la interpretaci\u00f3n del Himno Nacional, posteriormente con la entrega de T\u00edtulos y de reconocimiento a los alumnos(as) que se destacaron durante su formaci\u00f3n t\u00e9cnica y la realizaci\u00f3n de su pr\u00e1ctica profesional.<\/p>\n<p style=\"text-align: justify;\"><strong>Sra. Carmen Panes Cid<\/strong>, Directora del Liceo T\u00e9cnico Profesional Campanario fue la encargada de entregar los T\u00edtulos a cada uno de los 11 nuevos Profesionales destacando su alegr\u00eda y satisfacci\u00f3n, ya que hace 6 a\u00f1os se inici\u00f3 este sue\u00f1o de toda la Comunidad de Campanario, y que hoy es una realidad donde los alumnos egresan con su T\u00edtulo de T\u00e9cnicos Profesionales, a quienes se les entrego herramientas que les permitir\u00e1 enfrentar la vida laboral con m\u00e1s seguridad, confianza y esperanza en el futuro.<\/p>\n<p style=\"text-align: justify;\"><strong><u>Ceremonia de Cambio de Nombre del Liceo T\u00e9cnico Profesional Campanario<\/u><\/strong><\/p>\n<p style=\"text-align: justify;\">Tambi\u00e9n en la ocasi\u00f3n una vez terminada la ceremonia de titulaci\u00f3n se procedi\u00f3 a realizar la ceremonia de cambio de nombre del Liceo T\u00e9cnico Profesional de Campanario, que homenaje\u00f3 a quien fue Gerente de CIDERE BIO B\u00cdO por casi 20 a\u00f1os, tras su importante labor por la educaci\u00f3n de la localidad.<\/p>\n<p style=\"text-align: justify;\">Por lo tanto desde el 29 de noviembre 2018 pas\u00f3 a llamarse: Liceo TP Campanario Marcos Delucchi Fonck, en reconocimiento a la importante labor del ex gerente de CIDERE BIO B\u00cdO, quien, en el a\u00f1o 2011 gestion\u00f3 los terrenos con la empresa Arauco que permitieron construir la infraestructura requerida para el cambio de modalidad de escuela a Liceo en Campanario.<\/p>\n<p style=\"text-align: justify;\">\u201cComo CIDERE BIO B\u00cdO nos sentimos totalmente honrados con el homenaje que Campanario brinda a Marcos, quien a trav\u00e9s de iniciativas como estas logr\u00f3 plasmar la esencia de nuestra corporaci\u00f3n que se basa en un fuerte y real compromiso con las personas y su desarrollo. Fue gracias a su gesti\u00f3n; la de su directora, Carmen Panes y junto al apoyo de las empresas e instituciones pertenecientes al consejo asesor que hoy ya son m\u00e1s de 60 los j\u00f3venes que han salido de este liceo con un t\u00edtulo t\u00e9cnico profesional de atenci\u00f3n de p\u00e1rvulos y mec\u00e1nica industrial con menci\u00f3n en mantenimiento electromec\u00e1nico, lo que sin duda ha generado un mayor desarrollo para la comuna de Yungay\u201d, se\u00f1al\u00f3 el Gerente de CIDERE BIO B\u00cdO, <strong>Pedro Ram\u00edrez Glade<\/strong> al Equipo del Portal Yungayino.cl<\/p>\n<p style=\"text-align: justify;\">M\u00e1s\u00a0 Informaci\u00f3n en:<a href=\"http:\/\/ciderebiobio.cl\/campanario-renoce-gestion-de-ex-gerente-de-cidere-bio-bio-marcos-delucchi-fonck\/\">http:\/\/ciderebiobio.cl\/campanario-renoce-gestion-de-ex-gerente-de-cidere-bio-bio-marcos-delucchi-fonck\/<\/a><\/p>\n<p style=\"text-align: justify;\">[su_button url=\u00bbhttps:\/\/www.facebook.com\/media\/set\/?set=a.2371790842835941&amp;type=1&amp;l=3280ff32fa\u00bb target=\u00bbblank\u00bb size=\u00bb7&#8243; radius=\u00bbround\u00bb icon=\u00bbicon: facebook-square\u00bb]FOTOGRAF\u00cdAS &#8211; Ceremonia de Titulaci\u00f3n y Cambio de Nombre se Llev\u00f3 a Cabo en Liceo Campanario[\/su_button]<\/p>\n","protected":false},"excerpt":{"rendered":"<p>Campanario, lunes 03 de diciembre 2018: En las dependencias del Liceo de Campanario se realiz\u00f3 el pasado jueves 29 de noviembre una emotiva Ceremonia de Titulaci\u00f3n de las Especialidades de \u201cAtenci\u00f3n en P\u00e1rvulo\u201d y&#46;&#46;&#46;<\/p>\n","protected":false},"author":2,"featured_media":20025,"comment_status":"closed","ping_status":"open","sticky":false,"template":"","format":"standard","meta":{"footnotes":""},"categories":[1493,1],"tags":[31,366,771,1115,8,6,117],"class_list":["post-20024","post","type-post","status-publish","format-standard","has-post-thumbnail","hentry","category-educacion","category-noticias","tag-campanario","tag-educacion","tag-liceo-campanario","tag-noticias","tag-yungay","tag-yungayino","tag-yungayinocl"],"_links":{"self":[{"href":"https:\/\/www.yungayino.cl\/noticias\/index.php?rest_route=\/wp\/v2\/posts\/20024","targetHints":{"allow":["GET"]}}],"collection":[{"href":"https:\/\/www.yungayino.cl\/noticias\/index.php?rest_route=\/wp\/v2\/posts"}],"about":[{"href":"https:\/\/www.yungayino.cl\/noticias\/index.php?rest_route=\/wp\/v2\/types\/post"}],"author":[{"embeddable":true,"href":"https:\/\/www.yungayino.cl\/noticias\/index.php?rest_route=\/wp\/v2\/users\/2"}],"replies":[{"embeddable":true,"href":"https:\/\/www.yungayino.cl\/noticias\/index.php?rest_route=%2Fwp%2Fv2%2Fcomments&post=20024"}],"version-history":[{"count":1,"href":"https:\/\/www.yungayino.cl\/noticias\/index.php?rest_route=\/wp\/v2\/posts\/20024\/revisions"}],"predecessor-version":[{"id":20026,"href":"https:\/\/www.yungayino.cl\/noticias\/index.php?rest_route=\/wp\/v2\/posts\/20024\/revisions\/20026"}],"wp:featuredmedia":[{"embeddable":true,"href":"https:\/\/www.yungayino.cl\/noticias\/index.php?rest_route=\/wp\/v2\/media\/20025"}],"wp:attachment":[{"href":"https:\/\/www.yungayino.cl\/noticias\/index.php?rest_route=%2Fwp%2Fv2%2Fmedia&parent=20024"}],"wp:term":[{"taxonomy":"category","embeddable":true,"href":"https:\/\/www.yungayino.cl\/noticias\/index.php?rest_route=%2Fwp%2Fv2%2Fcategories&post=20024"},{"taxonomy":"post_tag","embeddable":true,"href":"https:\/\/www.yungayino.cl\/noticias\/index.php?rest_route=%2Fwp%2Fv2%2Ftags&post=20024"}],"curies":[{"name":"wp","href":"https:\/\/api.w.org\/{rel}","templated":true}]}}