{"id":20030,"date":"2018-12-04T17:00:50","date_gmt":"2018-12-04T20:00:50","guid":{"rendered":"http:\/\/www.yungayino.cl\/noticias\/?p=20030"},"modified":"2018-12-04T19:29:59","modified_gmt":"2018-12-04T22:29:59","slug":"se-realiza-constitucion-formal-de-la-camara-de-comercio-asociacion-gremial-de-yungay","status":"publish","type":"post","link":"https:\/\/www.yungayino.cl\/noticias\/?p=20030","title":{"rendered":"Se Realiza Constituci\u00f3n Formal de la C\u00e1mara de Comercio Asociaci\u00f3n Gremial de Yungay"},"content":{"rendered":"<p><img loading=\"lazy\" decoding=\"async\" class=\"alignnone size-full wp-image-20031\" src=\"http:\/\/www.yungayino.cl\/noticias\/wp-content\/uploads\/2018\/12\/camara_comercio_yungay_2018.jpg\" alt=\"\" width=\"700\" height=\"350\" srcset=\"https:\/\/www.yungayino.cl\/noticias\/wp-content\/uploads\/2018\/12\/camara_comercio_yungay_2018.jpg 700w, https:\/\/www.yungayino.cl\/noticias\/wp-content\/uploads\/2018\/12\/camara_comercio_yungay_2018-300x150.jpg 300w\" sizes=\"auto, (max-width: 700px) 100vw, 700px\" \/><\/p>\n<p style=\"text-align: justify;\">Yungay, martes 04 de diciembre 2018: El pasado lunes 26 de noviembre 2018 en las dependencias del Hotel Francia se llev\u00f3 cabo formalmente la Constituci\u00f3n de la C\u00e1mara de Comercio Asociaci\u00f3n Gremial de Yungay, ocasi\u00f3n en la que se procedi\u00f3 a la inscripci\u00f3n de socios y elecci\u00f3n del Directorio de la Organizaci\u00f3n.<\/p>\n<p style=\"text-align: justify;\"><iframe loading=\"lazy\" style=\"border: none; overflow: hidden;\" src=\"https:\/\/www.facebook.com\/plugins\/post.php?href=https:\/\/www.facebook.com\/media\/set\/?set=a.2373401259341566&amp;type=1&amp;l=ec73ce9f6f&amp;l=a77e327dc6&amp;l=f5951f1994&amp;l=bfecbb8adf&amp;l=687b6bf5da&amp;width=500&amp;show_text=true&amp;height=691&amp;appId\" width=\"500\" height=\"691\" frameborder=\"0\" scrolling=\"no\"><\/iframe><\/p>\n<p style=\"text-align: justify;\">En la ocasi\u00f3n estuvieron presentes 35 comerciantes de diferentes rubros, quienes leyeron los estatutos para luego ser aprobado y posterior elecci\u00f3n de directiva, la cual cont\u00f3 con la asistencia de la Notario P\u00fablico de Tucapel Sra. Ruth Villalobos, qui\u00e9n actu\u00f3 como Ministro de Fe.<\/p>\n<p style=\"text-align: justify;\">Finalmente mencionar que la Directiva qued\u00f3 constituida por las siguientes \u00a0personas:<\/p>\n<p style=\"text-align: justify;\">Julio Rosales,<strong> Presidente<\/strong><\/p>\n<p style=\"text-align: justify;\">Rossana Inostroza,<strong> Vicepresidente<\/strong><\/p>\n<p style=\"text-align: justify;\">Pamela Chain,<strong> Secretaria <\/strong><\/p>\n<p style=\"text-align: justify;\">Jos\u00e9 Miguel Navarrete, <strong>Director<\/strong><\/p>\n<p style=\"text-align: justify;\">Mar\u00eda Eva D\u00edaz,<strong> Tesorera<\/strong><\/p>\n<p style=\"text-align: justify;\"><strong>\u00a0<\/strong><\/p>\n<p style=\"text-align: justify;\">[su_button url=\u00bbhttps:\/\/www.facebook.com\/media\/set\/?set=a.2373401259341566&amp;type=1&amp;l=ec73ce9f6f\u00bb target=\u00bbblank\u00bb size=\u00bb7&#8243; radius=\u00bbround\u00bb icon=\u00bbicon: facebook-square\u00bb]FOTOGRAF\u00cdAS &#8211; Se Realiza Constituci\u00f3n Formal de la C\u00e1mara de Comercio Asociaci\u00f3n Gremial de Yungay[\/su_button]<\/p>\n","protected":false},"excerpt":{"rendered":"<p>Yungay, martes 04 de diciembre 2018: El pasado lunes 26 de noviembre 2018 en las dependencias del Hotel Francia se llev\u00f3 cabo formalmente la Constituci\u00f3n de la C\u00e1mara de Comercio Asociaci\u00f3n Gremial de Yungay,&#46;&#46;&#46;<\/p>\n","protected":false},"author":2,"featured_media":20031,"comment_status":"closed","ping_status":"open","sticky":false,"template":"","format":"standard","meta":{"footnotes":""},"categories":[3,1],"tags":[1876,1877,1115,8,6,117],"class_list":["post-20030","post","type-post","status-publish","format-standard","has-post-thumbnail","hentry","category-actualidad","category-noticias","tag-camara-comercio","tag-comerciantes","tag-noticias","tag-yungay","tag-yungayino","tag-yungayinocl"],"_links":{"self":[{"href":"https:\/\/www.yungayino.cl\/noticias\/index.php?rest_route=\/wp\/v2\/posts\/20030","targetHints":{"allow":["GET"]}}],"collection":[{"href":"https:\/\/www.yungayino.cl\/noticias\/index.php?rest_route=\/wp\/v2\/posts"}],"about":[{"href":"https:\/\/www.yungayino.cl\/noticias\/index.php?rest_route=\/wp\/v2\/types\/post"}],"author":[{"embeddable":true,"href":"https:\/\/www.yungayino.cl\/noticias\/index.php?rest_route=\/wp\/v2\/users\/2"}],"replies":[{"embeddable":true,"href":"https:\/\/www.yungayino.cl\/noticias\/index.php?rest_route=%2Fwp%2Fv2%2Fcomments&post=20030"}],"version-history":[{"count":3,"href":"https:\/\/www.yungayino.cl\/noticias\/index.php?rest_route=\/wp\/v2\/posts\/20030\/revisions"}],"predecessor-version":[{"id":20034,"href":"https:\/\/www.yungayino.cl\/noticias\/index.php?rest_route=\/wp\/v2\/posts\/20030\/revisions\/20034"}],"wp:featuredmedia":[{"embeddable":true,"href":"https:\/\/www.yungayino.cl\/noticias\/index.php?rest_route=\/wp\/v2\/media\/20031"}],"wp:attachment":[{"href":"https:\/\/www.yungayino.cl\/noticias\/index.php?rest_route=%2Fwp%2Fv2%2Fmedia&parent=20030"}],"wp:term":[{"taxonomy":"category","embeddable":true,"href":"https:\/\/www.yungayino.cl\/noticias\/index.php?rest_route=%2Fwp%2Fv2%2Fcategories&post=20030"},{"taxonomy":"post_tag","embeddable":true,"href":"https:\/\/www.yungayino.cl\/noticias\/index.php?rest_route=%2Fwp%2Fv2%2Ftags&post=20030"}],"curies":[{"name":"wp","href":"https:\/\/api.w.org\/{rel}","templated":true}]}}