{"id":20035,"date":"2018-12-04T19:00:01","date_gmt":"2018-12-04T22:00:01","guid":{"rendered":"http:\/\/www.yungayino.cl\/noticias\/?p=20035"},"modified":"2018-12-04T19:39:53","modified_gmt":"2018-12-04T22:39:53","slug":"carabineros-de-yungay-realizo-lanzamiento-de-campana-navidad-segura","status":"publish","type":"post","link":"https:\/\/www.yungayino.cl\/noticias\/?p=20035","title":{"rendered":"Carabineros de Yungay Realiz\u00f3 Lanzamiento de Campa\u00f1a \u201cNavidad Segura\u201d"},"content":{"rendered":"<p><img loading=\"lazy\" decoding=\"async\" class=\"alignnone size-full wp-image-20036\" src=\"http:\/\/www.yungayino.cl\/noticias\/wp-content\/uploads\/2018\/12\/carabineros_yungay_2018.jpg\" alt=\"\" width=\"700\" height=\"350\" srcset=\"https:\/\/www.yungayino.cl\/noticias\/wp-content\/uploads\/2018\/12\/carabineros_yungay_2018.jpg 700w, https:\/\/www.yungayino.cl\/noticias\/wp-content\/uploads\/2018\/12\/carabineros_yungay_2018-300x150.jpg 300w\" sizes=\"auto, (max-width: 700px) 100vw, 700px\" \/><\/p>\n<p style=\"text-align: justify;\">Yungay, martes 04 de diciembre 2018: Con la exhibici\u00f3n de parte de los recursos humanos y log\u00edsticos que se abocar\u00e1n a resguardar a la comunidad yungayina durante la \u00e9poca navide\u00f1a, se desarroll\u00f3 esta ma\u00f1ana frente a la Municipalidad el lanzamiento de la Campa\u00f1a <strong>\u201cNavidad Segura\u201d, <\/strong>la cual es impulsada por Carabineros de Chile a trav\u00e9s de la Cuarta Comisaria de Yungay.<\/p>\n<p style=\"text-align: justify;\"><iframe loading=\"lazy\" style=\"border: none; overflow: hidden;\" src=\"https:\/\/www.facebook.com\/plugins\/post.php?href=https:\/\/www.facebook.com\/media\/set\/?set=a.2373413612673664&amp;type=1&amp;l=fb14d49d6d&amp;l=a77e327dc6&amp;l=f5951f1994&amp;l=bfecbb8adf&amp;l=687b6bf5da&amp;width=500&amp;show_text=true&amp;height=691&amp;appId\" width=\"500\" height=\"691\" frameborder=\"0\" scrolling=\"no\"><\/iframe><\/p>\n<p style=\"text-align: justify;\">El Mayor Sr. <strong>Rodrigo D\u00edaz Albornoz<\/strong> manifest\u00f3 al Equipo del Portal Yungayino.cl que este operativo esta enmarcado a nivel nacional y es implementado todos los a\u00f1os en esta fiesta tan importante donde hay un aumento de personas que acuden al comercio y tambi\u00e9n busca informar a la comunidad de lo que se est\u00e1 haciendo para entregar una mayor tranquilidad a las personas en esta fecha en que se junta una mayor afluencia de p\u00fablico en centros comerciales y calles c\u00e9ntricas, sin descuidar lo que son los alrededores y periferia de la comuna, sino que tambi\u00e9n entregar un mensaje de autocuidado a la poblaci\u00f3n, en el sentido de ser promotores de su propia seguridad.<\/p>\n<p style=\"text-align: justify;\">Complementario a esta iniciativa, durante este mes Carabineros estar\u00e1 distribuyendo volantes con medidas preventivas y entregando recomendaciones de seguridad ante la posible ocurrencia de actos delictuales como son\u00a0 robo con sorpresa, hurtos, clonaci\u00f3n de tarjetas, entre otros.<\/p>\n<p style=\"text-align: justify;\">Finalmente Carabineros reiter\u00f3 que si bien la idea es entregar un mensaje a la comunidad respecto a que pueden hacer sus compras en un ambiente de tranquilidad, la responsabilidad es compartida en materia de seguridad\u00a0 ciudadana y es fundamental adoptar medidas de autocuidado destinados a prevenir situaciones riesgosas durante estas fiestas de fin de a\u00f1o.<\/p>\n<p style=\"text-align: justify;\">[su_button url=\u00bbhttps:\/\/www.facebook.com\/media\/set\/?set=a.2373413612673664&amp;type=1&amp;l=fb14d49d6d\u00bb target=\u00bbblank\u00bb size=\u00bb7&#8243; radius=\u00bbround\u00bb icon=\u00bbicon: facebook-square\u00bb]FOTOGRAF\u00cdAS &#8211; Carabineros de Yungay Realiz\u00f3 Lanzamiento de Campa\u00f1a \u201cNavidad Segura\u201d[\/su_button]<\/p>\n","protected":false},"excerpt":{"rendered":"<p>Yungay, martes 04 de diciembre 2018: Con la exhibici\u00f3n de parte de los recursos humanos y log\u00edsticos que se abocar\u00e1n a resguardar a la comunidad yungayina durante la \u00e9poca navide\u00f1a, se desarroll\u00f3 esta ma\u00f1ana&#46;&#46;&#46;<\/p>\n","protected":false},"author":2,"featured_media":20036,"comment_status":"closed","ping_status":"open","sticky":false,"template":"","format":"standard","meta":{"footnotes":""},"categories":[3,1],"tags":[25,127,1115,8,6,117],"class_list":["post-20035","post","type-post","status-publish","format-standard","has-post-thumbnail","hentry","category-actualidad","category-noticias","tag-carabineros","tag-navidad-segura","tag-noticias","tag-yungay","tag-yungayino","tag-yungayinocl"],"_links":{"self":[{"href":"https:\/\/www.yungayino.cl\/noticias\/index.php?rest_route=\/wp\/v2\/posts\/20035","targetHints":{"allow":["GET"]}}],"collection":[{"href":"https:\/\/www.yungayino.cl\/noticias\/index.php?rest_route=\/wp\/v2\/posts"}],"about":[{"href":"https:\/\/www.yungayino.cl\/noticias\/index.php?rest_route=\/wp\/v2\/types\/post"}],"author":[{"embeddable":true,"href":"https:\/\/www.yungayino.cl\/noticias\/index.php?rest_route=\/wp\/v2\/users\/2"}],"replies":[{"embeddable":true,"href":"https:\/\/www.yungayino.cl\/noticias\/index.php?rest_route=%2Fwp%2Fv2%2Fcomments&post=20035"}],"version-history":[{"count":1,"href":"https:\/\/www.yungayino.cl\/noticias\/index.php?rest_route=\/wp\/v2\/posts\/20035\/revisions"}],"predecessor-version":[{"id":20037,"href":"https:\/\/www.yungayino.cl\/noticias\/index.php?rest_route=\/wp\/v2\/posts\/20035\/revisions\/20037"}],"wp:featuredmedia":[{"embeddable":true,"href":"https:\/\/www.yungayino.cl\/noticias\/index.php?rest_route=\/wp\/v2\/media\/20036"}],"wp:attachment":[{"href":"https:\/\/www.yungayino.cl\/noticias\/index.php?rest_route=%2Fwp%2Fv2%2Fmedia&parent=20035"}],"wp:term":[{"taxonomy":"category","embeddable":true,"href":"https:\/\/www.yungayino.cl\/noticias\/index.php?rest_route=%2Fwp%2Fv2%2Fcategories&post=20035"},{"taxonomy":"post_tag","embeddable":true,"href":"https:\/\/www.yungayino.cl\/noticias\/index.php?rest_route=%2Fwp%2Fv2%2Ftags&post=20035"}],"curies":[{"name":"wp","href":"https:\/\/api.w.org\/{rel}","templated":true}]}}