{"id":20039,"date":"2018-12-05T18:00:39","date_gmt":"2018-12-05T21:00:39","guid":{"rendered":"http:\/\/www.yungayino.cl\/noticias\/?p=20039"},"modified":"2018-12-05T22:11:10","modified_gmt":"2018-12-06T01:11:10","slug":"asumio-el-nuevo-director-del-servicio-de-salud-nuble","status":"publish","type":"post","link":"https:\/\/www.yungayino.cl\/noticias\/?p=20039","title":{"rendered":"Asumi\u00f3 el Nuevo Director del Servicio de Salud \u00d1uble"},"content":{"rendered":"<p><img loading=\"lazy\" decoding=\"async\" class=\"alignnone size-full wp-image-20040\" src=\"http:\/\/www.yungayino.cl\/noticias\/wp-content\/uploads\/2018\/12\/servicio_salud_201812.jpg\" alt=\"\" width=\"700\" height=\"350\" srcset=\"https:\/\/www.yungayino.cl\/noticias\/wp-content\/uploads\/2018\/12\/servicio_salud_201812.jpg 700w, https:\/\/www.yungayino.cl\/noticias\/wp-content\/uploads\/2018\/12\/servicio_salud_201812-300x150.jpg 300w\" sizes=\"auto, (max-width: 700px) 100vw, 700px\" \/><\/p>\n<p style=\"text-align: justify;\">Regional, mi\u00e9rcoles 05 diciembre 2018: En una ceremonia encabezada por el Intendente Mart\u00edn Arrau, el Ingeniero Civil en Inform\u00e1tica, <strong>Francisco L\u00f3pez Castillo<\/strong>, asumi\u00f3 como Director del Servicio de Salud \u00d1uble (SS\u00d1), luego de ser seleccionado a trav\u00e9s del sistema de Alta Direcci\u00f3n P\u00fablica del Servicio Civil.<\/p>\n<p style=\"text-align: justify;\">Durante la jornada, quien estuvo a la cabeza del organismo p\u00fablico en calidad de subrogante durante los \u00faltimos seis meses, Ricardo S\u00e1nchez Opazo, firm\u00f3 el acta de traspaso y entreg\u00f3 a la nueva autoridad los informes que dan cuenta del funcionamiento de la instituci\u00f3n.<\/p>\n<p style=\"text-align: justify;\"><iframe loading=\"lazy\" style=\"border: none; overflow: hidden;\" src=\"https:\/\/www.facebook.com\/plugins\/post.php?href=https:\/\/www.facebook.com\/media\/set\/?set=a.2375049912510034&amp;type=1&amp;l=c3ce254da2&amp;l=a77e327dc6&amp;l=f5951f1994&amp;l=bfecbb8adf&amp;l=687b6bf5da&amp;width=500&amp;show_text=true&amp;height=691&amp;appId\" width=\"500\" height=\"691\" frameborder=\"0\" scrolling=\"no\"><\/iframe><\/p>\n<p style=\"text-align: justify;\">En la actividad, que cont\u00f3 con masiva asistencia de la comunidad funcionaria, el Intendente Mart\u00edn Arrau indic\u00f3: \u201cQuise venir hoy d\u00eda por varias razones, en primer lugar, para darle la bienvenida a don Francisco, el nuevo director, pero tambi\u00e9n para expresar mi gratitud con don Ricardo S\u00e1nchez, quien me consta dej\u00f3 todo en la cancha para avanzar en las diferentes materias que trabajamos con mucho compromiso. Adem\u00e1s, quer\u00eda conocer a los funcionarios del Servicio de Salud, y porque no es casualidad que entre los 5 grandes acuerdos del programa de Gobierno del Presidente Sebasti\u00e1n Pi\u00f1era, est\u00e1 la salud; una atenci\u00f3n oportuna y la verdad es que cuando estamos en este momento tan especial; la instalaci\u00f3n de una nueva Regi\u00f3n\u201d.<\/p>\n<p style=\"text-align: justify;\">Por su parte, el nuevo Director del SS\u00d1, <strong>Francisco L\u00f3pez Castillo<\/strong>, agradeci\u00f3 su nombramiento, que se dio luego de un proceso en el que participaron m\u00e1s de 70 personas. La nueva autoridad afirm\u00f3: \u201cSoy embajador de las pol\u00edticas p\u00fablicas del gobierno del Presidente Sebasti\u00e1n Pi\u00f1era, por lo tanto, la misi\u00f3n que tengo a partir de hoy no es menor, entendiendo que somos una regi\u00f3n con una problem\u00e1tica de pobreza importante, donde la atenci\u00f3n primaria de salud pasa a ser un eje fundamental en la resolutividad y en la llegada de nuevos profesionales, donde necesitamos levantar proyectos fundamentales como lo es el Hospital Digital(\u2026) y por cierto, un proyecto emblem\u00e1tico; el nuevo Hospital\u201d.<\/p>\n<p style=\"text-align: justify;\">El directivo a\u00f1adi\u00f3 que \u201ces un reto que tomo con gran responsabilidad, con mucha informaci\u00f3n puesto que no soy un hombre nuevo en salud, pero tambi\u00e9n con mucha gesti\u00f3n y cari\u00f1o. El eje fundamental de todos los resultados que vamos a obtener est\u00e1 de la mano de todos los que conforman el servicio de Salud, m\u00e1s de 4 mil personas trabajando para el bien de la salud de nuestros ciudadanos. Con esa mirada llego; una mirada t\u00e9cnica, profesional y tambi\u00e9n pol\u00edtica, porque aqu\u00ed hay que hacerse cargo de muchos frentes y flancos\u201d.<\/p>\n<p style=\"text-align: justify;\">En tanto, Ricardo S\u00e1nchez Opazo agradeci\u00f3 el compromiso de cada uno de los trabajadores y trabajadoras de la red asistencial y los invit\u00f3 seguir el compromiso de siempre para mejorar la calidad de vida y acercar las prestaciones de salud a las familias de \u00d1uble. \u201cAunque se trataba de una subrogancia, asum\u00ed esta responsabilidad. Lo hice con mucha dedicaci\u00f3n y estando en terreno, para conocer de cerca las diferentes necesidades de nuestra comunidad y siempre con la convicci\u00f3n de que nuestra labor era el inicio de un per\u00edodo lleno de desaf\u00edos, teniendo en cuenta la puesta en marcha de la nueva Regi\u00f3n de \u00d1uble y el inicio del nuevo gobierno\u201d, expres\u00f3.<\/p>\n<p style=\"text-align: justify;\">Desde hoy, Ricardo S\u00e1nchez retoma su cargo de Subdirector de Recursos F\u00edsicos y Financieros del Hospital Cl\u00ednico Herminda Mart\u00edn de Chill\u00e1n.<\/p>\n<p style=\"text-align: justify;\"><strong>Trayectoria Profesional<\/strong><\/p>\n<p style=\"text-align: justify;\"><strong>Francisco Andr\u00e9s L\u00f3pez Castillo<\/strong>, es Ingeniero Civil en Inform\u00e1tica de la Universidad del B\u00edo B\u00edo, M\u00e1ster en Direcci\u00f3n General de Empresas y M\u00e1ster en Direcci\u00f3n Comercial y Marketing, ambos de la Escuela de Negocios Espa\u00f1ola IEDE. Tambi\u00e9n es Mag\u00edster en Docencia para la Educaci\u00f3n Superior de la Universidad Andr\u00e9s Bello y Coach Organizacional certificado.<\/p>\n<p style=\"text-align: justify;\">Cuenta con m\u00e1s de 20 a\u00f1os de trayectoria laboral en gesti\u00f3n y direcci\u00f3n de instituciones p\u00fablicas y privadas. Fue Director de la sede Chill\u00e1n del Instituto Profesional Virginio G\u00f3mez y docente en las Universidades de Concepci\u00f3n, del B\u00edo \u2013 B\u00edo y Cat\u00f3lica de la Sant\u00edsima Concepci\u00f3n.<\/p>\n<p style=\"text-align: justify;\">En el \u00e1rea de salud, destacan su experiencia como Director del Hospital Comunitario de Salud Familiar de Yungay y Gerente Comercial de Cl\u00ednica Chill\u00e1n, entre otros cargos de liderazgo en industrias forestales, sanitarias, turismo, marketing y tecnolog\u00eda.<\/p>\n<p style=\"text-align: justify;\">Entre marzo y noviembre de 2018 fue Director de la Secretar\u00eda de Planificaci\u00f3n (SECPLA) de la Municipalidad de Chill\u00e1n. Desde diciembre de 2018 asume como Director del Servicio de Salud \u00d1uble, tras participar en el proceso de selecci\u00f3n por Alta Direcci\u00f3n P\u00fablica, realizado por el Servicio Civil.<\/p>\n<p style=\"text-align: justify;\">[su_button url=\u00bbhttps:\/\/www.facebook.com\/media\/set\/?set=a.2375049912510034&amp;type=1&amp;l=c3ce254da2&#8243; target=\u00bbblank\u00bb size=\u00bb7&#8243; radius=\u00bbround\u00bb icon=\u00bbicon: facebook-square\u00bb]FOTOGRAF\u00cdAS &#8211; Asumi\u00f3 el Nuevo Director del Servicio de Salud \u00d1uble[\/su_button]<\/p>\n","protected":false},"excerpt":{"rendered":"<p>Regional, mi\u00e9rcoles 05 diciembre 2018: En una ceremonia encabezada por el Intendente Mart\u00edn Arrau, el Ingeniero Civil en Inform\u00e1tica, Francisco L\u00f3pez Castillo, asumi\u00f3 como Director del Servicio de Salud \u00d1uble (SS\u00d1), luego de ser&#46;&#46;&#46;<\/p>\n","protected":false},"author":2,"featured_media":20040,"comment_status":"closed","ping_status":"open","sticky":false,"template":"","format":"standard","meta":{"footnotes":""},"categories":[1,1675],"tags":[1115,65,8,6,117],"class_list":["post-20039","post","type-post","status-publish","format-standard","has-post-thumbnail","hentry","category-noticias","category-saludc","tag-noticias","tag-salud","tag-yungay","tag-yungayino","tag-yungayinocl"],"_links":{"self":[{"href":"https:\/\/www.yungayino.cl\/noticias\/index.php?rest_route=\/wp\/v2\/posts\/20039","targetHints":{"allow":["GET"]}}],"collection":[{"href":"https:\/\/www.yungayino.cl\/noticias\/index.php?rest_route=\/wp\/v2\/posts"}],"about":[{"href":"https:\/\/www.yungayino.cl\/noticias\/index.php?rest_route=\/wp\/v2\/types\/post"}],"author":[{"embeddable":true,"href":"https:\/\/www.yungayino.cl\/noticias\/index.php?rest_route=\/wp\/v2\/users\/2"}],"replies":[{"embeddable":true,"href":"https:\/\/www.yungayino.cl\/noticias\/index.php?rest_route=%2Fwp%2Fv2%2Fcomments&post=20039"}],"version-history":[{"count":3,"href":"https:\/\/www.yungayino.cl\/noticias\/index.php?rest_route=\/wp\/v2\/posts\/20039\/revisions"}],"predecessor-version":[{"id":20043,"href":"https:\/\/www.yungayino.cl\/noticias\/index.php?rest_route=\/wp\/v2\/posts\/20039\/revisions\/20043"}],"wp:featuredmedia":[{"embeddable":true,"href":"https:\/\/www.yungayino.cl\/noticias\/index.php?rest_route=\/wp\/v2\/media\/20040"}],"wp:attachment":[{"href":"https:\/\/www.yungayino.cl\/noticias\/index.php?rest_route=%2Fwp%2Fv2%2Fmedia&parent=20039"}],"wp:term":[{"taxonomy":"category","embeddable":true,"href":"https:\/\/www.yungayino.cl\/noticias\/index.php?rest_route=%2Fwp%2Fv2%2Fcategories&post=20039"},{"taxonomy":"post_tag","embeddable":true,"href":"https:\/\/www.yungayino.cl\/noticias\/index.php?rest_route=%2Fwp%2Fv2%2Ftags&post=20039"}],"curies":[{"name":"wp","href":"https:\/\/api.w.org\/{rel}","templated":true}]}}