{"id":20051,"date":"2018-12-05T21:00:16","date_gmt":"2018-12-06T00:00:16","guid":{"rendered":"http:\/\/www.yungayino.cl\/noticias\/?p=20051"},"modified":"2018-12-05T22:44:51","modified_gmt":"2018-12-06T01:44:51","slug":"con-seminario-dirigido-a-autoridades-cierra-mes-de-la-no-violencia-la-comuna-de-yungay","status":"publish","type":"post","link":"https:\/\/www.yungayino.cl\/noticias\/?p=20051","title":{"rendered":"Con Seminario Dirigido a Autoridades Cierra Mes de la No Violencia la Comuna de Yungay"},"content":{"rendered":"<p><img loading=\"lazy\" decoding=\"async\" class=\"alignnone size-full wp-image-20053\" src=\"http:\/\/www.yungayino.cl\/noticias\/wp-content\/uploads\/2018\/12\/yungay_no_lo_dejes_pasar.jpg\" alt=\"\" width=\"700\" height=\"350\" srcset=\"https:\/\/www.yungayino.cl\/noticias\/wp-content\/uploads\/2018\/12\/yungay_no_lo_dejes_pasar.jpg 700w, https:\/\/www.yungayino.cl\/noticias\/wp-content\/uploads\/2018\/12\/yungay_no_lo_dejes_pasar-300x150.jpg 300w\" sizes=\"auto, (max-width: 700px) 100vw, 700px\" \/><\/p>\n<p style=\"text-align: justify;\">Yungay, mi\u00e9rcoles 05 de diciembre 2018: Esta ma\u00f1ana la Seremi de la Mujer y la Equidad de G\u00e9nero<strong>, <\/strong>B\u00e1rbara Hennig, se desplaz\u00f3 hasta la comuna de Yungay, para cerrar el mes de la no violencia con la campa\u00f1a <strong>\u201cNO LO DEJES PASAR\u201d<\/strong>.<\/p>\n<p style=\"text-align: justify;\">A la actividad asistieron diversas autoridades locales y el Diputado Carlos Abel Jarpa, quienes firmaron este compromiso pa\u00eds y se suman a trabajar por erradicar cualquier tipo de violencia.<\/p>\n<p style=\"text-align: justify;\"><iframe loading=\"lazy\" style=\"border: none; overflow: hidden;\" src=\"https:\/\/www.facebook.com\/plugins\/post.php?href=https:\/\/www.facebook.com\/media\/set\/?set=a.2375084405839918&amp;type=1&amp;l=4391036cea&amp;l=a77e327dc6&amp;l=f5951f1994&amp;l=bfecbb8adf&amp;l=687b6bf5da&amp;width=500&amp;show_text=true&amp;height=691&amp;appId\" width=\"500\" height=\"691\" frameborder=\"0\" scrolling=\"no\"><\/iframe><\/p>\n<p style=\"text-align: justify;\">La actividad se inici\u00f3 con un saludo del alcalde subrogante, Sr. Felipe Lagos, sucedido por la autoridad ministerial, quien se\u00f1alo \u201cAgradezco de coraz\u00f3n cada vez que una comuna se suma en esta lucha contra la violencia, m\u00e1s cuando quieren trabajar y superar los altos \u00edndices comunales de violencia intrafamiliar. Eliminar la violencia es responsabilidad de todos, por lo mismo hago un llamado a denunciar, a acompa\u00f1ar y contener a nuestras mujeres e insto a continuar la tarea que ha desarrollado la encargada comunal del programa Mujer jefa de Hogar, tratando de visibilizar esa violencia oculta y arraigada sobre todo en las zonas rurales, donde es necesario empoderar a la mujer, y entregarle herramientas para que digan basta, y nuestro Presidente Sebasti\u00e1n Pi\u00f1era y la Ministra Isabel Pl\u00e1 han impulsado la agenda mujer que contiene proyectos y mediadas que sin duda nos permitir\u00e1 emprender, lograr la autonom\u00eda econ\u00f3mica y salir del c\u00edrculo de la violencia\u201d.<\/p>\n<p style=\"text-align: justify;\">El encuentro contin\u00fao con la charla de la profesional Sra. <strong>Maritza Espinoza Figueroa<\/strong>, Encargada Territorial del Programa Prevenci\u00f3n del Centro de la Mujer Chill\u00e1n, exponiendo sobre tem\u00e1ticas como: empoderamiento, tipos de violencia, denuncia de maltrato y g\u00e9nero. Posteriormente las autoridades presentes firmaron en forma simb\u00f3lica la adhesi\u00f3n a la campa\u00f1a, el lienzo que ha recorrido toda la regi\u00f3n.<\/p>\n<p style=\"text-align: justify;\">[su_button url=\u00bbhttps:\/\/www.facebook.com\/media\/set\/?set=a.2375084405839918&amp;type=1&amp;l=4391036cea\u00bb target=\u00bbblank\u00bb size=\u00bb7&#8243; radius=\u00bbround\u00bb icon=\u00bbicon: facebook-square\u00bb]FOTOGRAF\u00cdAS &#8211; Con Seminario Dirigido a Autoridades Cierra Mes de la No Violencia la Comuna de Yungay[\/su_button]<\/p>\n","protected":false},"excerpt":{"rendered":"<p>Yungay, mi\u00e9rcoles 05 de diciembre 2018: Esta ma\u00f1ana la Seremi de la Mujer y la Equidad de G\u00e9nero, B\u00e1rbara Hennig, se desplaz\u00f3 hasta la comuna de Yungay, para cerrar el mes de la no&#46;&#46;&#46;<\/p>\n","protected":false},"author":2,"featured_media":20053,"comment_status":"closed","ping_status":"open","sticky":false,"template":"","format":"standard","meta":{"footnotes":""},"categories":[1],"tags":[1115,1567,8,6],"class_list":["post-20051","post","type-post","status-publish","format-standard","has-post-thumbnail","hentry","category-noticias","tag-noticias","tag-yunagyino-cl","tag-yungay","tag-yungayino"],"_links":{"self":[{"href":"https:\/\/www.yungayino.cl\/noticias\/index.php?rest_route=\/wp\/v2\/posts\/20051","targetHints":{"allow":["GET"]}}],"collection":[{"href":"https:\/\/www.yungayino.cl\/noticias\/index.php?rest_route=\/wp\/v2\/posts"}],"about":[{"href":"https:\/\/www.yungayino.cl\/noticias\/index.php?rest_route=\/wp\/v2\/types\/post"}],"author":[{"embeddable":true,"href":"https:\/\/www.yungayino.cl\/noticias\/index.php?rest_route=\/wp\/v2\/users\/2"}],"replies":[{"embeddable":true,"href":"https:\/\/www.yungayino.cl\/noticias\/index.php?rest_route=%2Fwp%2Fv2%2Fcomments&post=20051"}],"version-history":[{"count":2,"href":"https:\/\/www.yungayino.cl\/noticias\/index.php?rest_route=\/wp\/v2\/posts\/20051\/revisions"}],"predecessor-version":[{"id":20054,"href":"https:\/\/www.yungayino.cl\/noticias\/index.php?rest_route=\/wp\/v2\/posts\/20051\/revisions\/20054"}],"wp:featuredmedia":[{"embeddable":true,"href":"https:\/\/www.yungayino.cl\/noticias\/index.php?rest_route=\/wp\/v2\/media\/20053"}],"wp:attachment":[{"href":"https:\/\/www.yungayino.cl\/noticias\/index.php?rest_route=%2Fwp%2Fv2%2Fmedia&parent=20051"}],"wp:term":[{"taxonomy":"category","embeddable":true,"href":"https:\/\/www.yungayino.cl\/noticias\/index.php?rest_route=%2Fwp%2Fv2%2Fcategories&post=20051"},{"taxonomy":"post_tag","embeddable":true,"href":"https:\/\/www.yungayino.cl\/noticias\/index.php?rest_route=%2Fwp%2Fv2%2Ftags&post=20051"}],"curies":[{"name":"wp","href":"https:\/\/api.w.org\/{rel}","templated":true}]}}