{"id":20055,"date":"2018-12-06T22:00:33","date_gmt":"2018-12-07T01:00:33","guid":{"rendered":"http:\/\/www.yungayino.cl\/noticias\/?p=20055"},"modified":"2018-12-07T00:25:35","modified_gmt":"2018-12-07T03:25:35","slug":"realizan-muestra-comunal-de-talleres-en-yungay","status":"publish","type":"post","link":"https:\/\/www.yungayino.cl\/noticias\/?p=20055","title":{"rendered":"Realizan \u201cMuestra Comunal de Talleres\u201d en Yungay"},"content":{"rendered":"<p><img loading=\"lazy\" decoding=\"async\" class=\"alignnone size-full wp-image-20056\" src=\"http:\/\/www.yungayino.cl\/noticias\/wp-content\/uploads\/2018\/12\/muestra_talleres_yungay_2018.jpg\" alt=\"\" width=\"700\" height=\"350\" srcset=\"https:\/\/www.yungayino.cl\/noticias\/wp-content\/uploads\/2018\/12\/muestra_talleres_yungay_2018.jpg 700w, https:\/\/www.yungayino.cl\/noticias\/wp-content\/uploads\/2018\/12\/muestra_talleres_yungay_2018-300x150.jpg 300w\" sizes=\"auto, (max-width: 700px) 100vw, 700px\" \/><\/p>\n<p style=\"text-align: justify;\">Yungay, jueves 06 de diciembre 2018: El Departamento de Desarrollo Comunitario (DIDECO) encabezado por su Jefa Sra. Pamela Jelves Acu\u00f1a y su Equipo de Profesionales organizaron la \u201cMuestra Comunal de Talleres\u201d, que ten\u00eda por objetivo dar a conocer el trabajo realizado en los diferentes talleres.<\/p>\n<p style=\"text-align: justify;\">La muestra cont\u00f3 con la asistencia del alcalde (S) Sr. Felipe Lagos y concejales Sr. Rodrigo Stuardo, Sr. Ricardo Ramos, Sra. Juana Sandoval, Sra. Ang\u00e9lica Cabezas y Sra. Patricia Moncada.<\/p>\n<p style=\"text-align: justify;\"><iframe loading=\"lazy\" style=\"border: none; overflow: hidden;\" src=\"https:\/\/www.facebook.com\/plugins\/post.php?href=https:\/\/www.facebook.com\/media\/set\/?set=a.2376736845674674&amp;type=1&amp;l=1083ee5cf0&amp;l=a77e327dc6&amp;l=f5951f1994&amp;l=bfecbb8adf&amp;l=687b6bf5da&amp;width=500&amp;show_text=true&amp;height=691&amp;appId\" width=\"500\" height=\"691\" frameborder=\"0\" scrolling=\"no\"><\/iframe><\/p>\n<p style=\"text-align: justify;\">La jornada se llev\u00f3 a cabo ayer mi\u00e9rcoles 05 de diciembre a las 15:30 horas, el p\u00fablico que asisti\u00f3 pudo apreciar los hermosos trabajos confeccionados en material reciclado, fieltro, g\u00e9neros, tejas, madera, soft, lana, entre otros realizados durante el a\u00f1o por los diferentes Talleres de la comuna, adem\u00e1s de los Talleres Deportivos.<\/p>\n<p style=\"text-align: justify;\">El Alcalde (S) Sr. Felipe Lagos reiter\u00f3 en su discurso sus felicitaciones a todos quienes participaron de esta hermosa muestra comunal y destac\u00f3 el gran trabajo de las diferentes agrupaciones y talleres, por su gran calidad en sus trabajos e inst\u00f3 a seguir trabajando, as\u00ed como tambi\u00e9n felicit\u00f3 a los monitores deportivos por la gran labor desarrollada durante este a\u00f1o, finalmente el alcalde (S) reiter\u00f3 el compromiso del municipio para seguir apoyando.<\/p>\n<p style=\"text-align: justify;\">En la ocasi\u00f3n tambi\u00e9n se hizo entrega de un reconocimiento a las monitoras por su dedicaci\u00f3n y compromiso en cada uno de los sectores en donde se impartieron los talleres.<\/p>\n<p style=\"text-align: justify;\">[su_button url=\u00bbhttps:\/\/www.facebook.com\/media\/set\/?set=a.2376736845674674&amp;type=1&amp;l=1083ee5cf0&#8243; target=\u00bbblank\u00bb size=\u00bb7&#8243; radius=\u00bbround\u00bb icon=\u00bbicon: facebook-square\u00bb]FOTOGRAF\u00cdAS &#8211; Realizan \u201cMuestra Comunal de Talleres\u201d en Yungay[\/su_button]<\/p>\n","protected":false},"excerpt":{"rendered":"<p>Yungay, jueves 06 de diciembre 2018: El Departamento de Desarrollo Comunitario (DIDECO) encabezado por su Jefa Sra. Pamela Jelves Acu\u00f1a y su Equipo de Profesionales organizaron la \u201cMuestra Comunal de Talleres\u201d, que ten\u00eda por&#46;&#46;&#46;<\/p>\n","protected":false},"author":2,"featured_media":20056,"comment_status":"closed","ping_status":"open","sticky":false,"template":"","format":"standard","meta":{"footnotes":""},"categories":[1],"tags":[1447,1115,8,6,117],"class_list":["post-20055","post","type-post","status-publish","format-standard","has-post-thumbnail","hentry","category-noticias","tag-muestra-talleres","tag-noticias","tag-yungay","tag-yungayino","tag-yungayinocl"],"_links":{"self":[{"href":"https:\/\/www.yungayino.cl\/noticias\/index.php?rest_route=\/wp\/v2\/posts\/20055","targetHints":{"allow":["GET"]}}],"collection":[{"href":"https:\/\/www.yungayino.cl\/noticias\/index.php?rest_route=\/wp\/v2\/posts"}],"about":[{"href":"https:\/\/www.yungayino.cl\/noticias\/index.php?rest_route=\/wp\/v2\/types\/post"}],"author":[{"embeddable":true,"href":"https:\/\/www.yungayino.cl\/noticias\/index.php?rest_route=\/wp\/v2\/users\/2"}],"replies":[{"embeddable":true,"href":"https:\/\/www.yungayino.cl\/noticias\/index.php?rest_route=%2Fwp%2Fv2%2Fcomments&post=20055"}],"version-history":[{"count":2,"href":"https:\/\/www.yungayino.cl\/noticias\/index.php?rest_route=\/wp\/v2\/posts\/20055\/revisions"}],"predecessor-version":[{"id":20058,"href":"https:\/\/www.yungayino.cl\/noticias\/index.php?rest_route=\/wp\/v2\/posts\/20055\/revisions\/20058"}],"wp:featuredmedia":[{"embeddable":true,"href":"https:\/\/www.yungayino.cl\/noticias\/index.php?rest_route=\/wp\/v2\/media\/20056"}],"wp:attachment":[{"href":"https:\/\/www.yungayino.cl\/noticias\/index.php?rest_route=%2Fwp%2Fv2%2Fmedia&parent=20055"}],"wp:term":[{"taxonomy":"category","embeddable":true,"href":"https:\/\/www.yungayino.cl\/noticias\/index.php?rest_route=%2Fwp%2Fv2%2Fcategories&post=20055"},{"taxonomy":"post_tag","embeddable":true,"href":"https:\/\/www.yungayino.cl\/noticias\/index.php?rest_route=%2Fwp%2Fv2%2Ftags&post=20055"}],"curies":[{"name":"wp","href":"https:\/\/api.w.org\/{rel}","templated":true}]}}