{"id":20059,"date":"2018-12-06T23:00:27","date_gmt":"2018-12-07T02:00:27","guid":{"rendered":"http:\/\/www.yungayino.cl\/noticias\/?p=20059"},"modified":"2018-12-07T00:36:30","modified_gmt":"2018-12-07T03:36:30","slug":"escuela-fernando-baquedano-de-yungay-realizo-expo-educa-2018","status":"publish","type":"post","link":"https:\/\/www.yungayino.cl\/noticias\/?p=20059","title":{"rendered":"Escuela Fernando Baquedano de Yungay Realiz\u00f3 \u201cExpo Educa 2018\u201d"},"content":{"rendered":"<p><img loading=\"lazy\" decoding=\"async\" class=\"alignnone size-full wp-image-20060\" src=\"http:\/\/www.yungayino.cl\/noticias\/wp-content\/uploads\/2018\/12\/expoeduca_2018.jpg\" alt=\"\" width=\"700\" height=\"350\" srcset=\"https:\/\/www.yungayino.cl\/noticias\/wp-content\/uploads\/2018\/12\/expoeduca_2018.jpg 700w, https:\/\/www.yungayino.cl\/noticias\/wp-content\/uploads\/2018\/12\/expoeduca_2018-300x150.jpg 300w\" sizes=\"auto, (max-width: 700px) 100vw, 700px\" \/><\/p>\n<p style=\"text-align: justify;\">Yungay, jueves 06 de diciembre 2018: La Escuela Fernando Baquedano realiz\u00f3 el d\u00eda de hoy la \u201cExpo Educa 2018\u201d, la cual se llev\u00f3 a cabo en la Plaza de Armas de nuestra comuna.<\/p>\n<p style=\"text-align: justify;\"><iframe loading=\"lazy\" style=\"border: none; overflow: hidden;\" src=\"https:\/\/www.facebook.com\/plugins\/post.php?href=https:\/\/www.facebook.com\/media\/set\/?set=a.2376754879006204&amp;type=1&amp;l=e19d194d8a&amp;l=a77e327dc6&amp;l=f5951f1994&amp;l=bfecbb8adf&amp;l=687b6bf5da&amp;width=500&amp;show_text=true&amp;height=691&amp;appId\" width=\"500\" height=\"691\" frameborder=\"0\" scrolling=\"no\"><\/iframe><\/p>\n<p style=\"text-align: justify;\">En el contexto educativo se realizan variados y significativos aprendizajes, en el cual los estudiantes de la Escuela Fernando Baquedano han desarrollado durante el a\u00f1o escolar 2018 en cada una de las asignaturas y niveles. Es as\u00ed como se puede apreciar a las ciencias conjugarse con la pintura en una danza sim\u00e9trica y concordante, las artes con la m\u00fasica en un baile de conocimientos y actividades que sorprendieron a los visitantes de esta exposici\u00f3n educativa.<\/p>\n<p style=\"text-align: justify;\">La jornada estuvo liderada por su Director Sr. Zoilo Irarr\u00e1zabal y el alcalde (S) Sr. Felipe Lagos, quienes entonaron el Himno Nacional para luego escuchar una rese\u00f1a hist\u00f3rica de la Expo Educa por parte de la Jefa T\u00e9cnica Srta. Cristina Inostroza, para luego ver las hermosas presentaciones de los diferentes talleres.<\/p>\n<p style=\"text-align: justify;\">Finalmente las autoridades presentes e invitados especiales recorrieron los diferentes stands instalados y pudieron apreciar los distintos trabajos realizados por los alumnos de los diferentes niveles educativos.<\/p>\n<p style=\"text-align: justify;\">[su_button url=\u00bbhttps:\/\/www.facebook.com\/media\/set\/?set=a.2376754879006204&amp;type=1&amp;l=e19d194d8a\u00bb target=\u00bbblank\u00bb size=\u00bb7&#8243; radius=\u00bbround\u00bb icon=\u00bbicon: facebook-square\u00bb]FOTOGRAF\u00cdAS &#8211; Escuela Fernando Baquedano de Yungay Realiz\u00f3 \u201cExpo Educa 2018\u201d[\/su_button]<\/p>\n","protected":false},"excerpt":{"rendered":"<p>Yungay, jueves 06 de diciembre 2018: La Escuela Fernando Baquedano realiz\u00f3 el d\u00eda de hoy la \u201cExpo Educa 2018\u201d, la cual se llev\u00f3 a cabo en la Plaza de Armas de nuestra comuna. En&#46;&#46;&#46;<\/p>\n","protected":false},"author":2,"featured_media":20060,"comment_status":"closed","ping_status":"open","sticky":false,"template":"","format":"standard","meta":{"footnotes":""},"categories":[1],"tags":[366,190,1878,1115,8,6,117],"class_list":["post-20059","post","type-post","status-publish","format-standard","has-post-thumbnail","hentry","category-noticias","tag-educacion","tag-escuela-fernando-baquedano","tag-expo-educa","tag-noticias","tag-yungay","tag-yungayino","tag-yungayinocl"],"_links":{"self":[{"href":"https:\/\/www.yungayino.cl\/noticias\/index.php?rest_route=\/wp\/v2\/posts\/20059","targetHints":{"allow":["GET"]}}],"collection":[{"href":"https:\/\/www.yungayino.cl\/noticias\/index.php?rest_route=\/wp\/v2\/posts"}],"about":[{"href":"https:\/\/www.yungayino.cl\/noticias\/index.php?rest_route=\/wp\/v2\/types\/post"}],"author":[{"embeddable":true,"href":"https:\/\/www.yungayino.cl\/noticias\/index.php?rest_route=\/wp\/v2\/users\/2"}],"replies":[{"embeddable":true,"href":"https:\/\/www.yungayino.cl\/noticias\/index.php?rest_route=%2Fwp%2Fv2%2Fcomments&post=20059"}],"version-history":[{"count":4,"href":"https:\/\/www.yungayino.cl\/noticias\/index.php?rest_route=\/wp\/v2\/posts\/20059\/revisions"}],"predecessor-version":[{"id":20064,"href":"https:\/\/www.yungayino.cl\/noticias\/index.php?rest_route=\/wp\/v2\/posts\/20059\/revisions\/20064"}],"wp:featuredmedia":[{"embeddable":true,"href":"https:\/\/www.yungayino.cl\/noticias\/index.php?rest_route=\/wp\/v2\/media\/20060"}],"wp:attachment":[{"href":"https:\/\/www.yungayino.cl\/noticias\/index.php?rest_route=%2Fwp%2Fv2%2Fmedia&parent=20059"}],"wp:term":[{"taxonomy":"category","embeddable":true,"href":"https:\/\/www.yungayino.cl\/noticias\/index.php?rest_route=%2Fwp%2Fv2%2Fcategories&post=20059"},{"taxonomy":"post_tag","embeddable":true,"href":"https:\/\/www.yungayino.cl\/noticias\/index.php?rest_route=%2Fwp%2Fv2%2Ftags&post=20059"}],"curies":[{"name":"wp","href":"https:\/\/api.w.org\/{rel}","templated":true}]}}