{"id":20076,"date":"2018-12-10T23:30:47","date_gmt":"2018-12-11T02:30:47","guid":{"rendered":"http:\/\/www.yungayino.cl\/noticias\/?p=20076"},"modified":"2018-12-11T11:48:41","modified_gmt":"2018-12-11T14:48:41","slug":"dialogo-ciudadano-abordo-problematica-de-loteos-brujos-en-yungay","status":"publish","type":"post","link":"https:\/\/www.yungayino.cl\/noticias\/?p=20076","title":{"rendered":"Di\u00e1logo Ciudadano Abord\u00f3 Problem\u00e1tica de \u201cLoteos Brujos\u201d en Yungay"},"content":{"rendered":"<p><img loading=\"lazy\" decoding=\"async\" class=\"alignnone size-full wp-image-20077\" src=\"http:\/\/www.yungayino.cl\/noticias\/wp-content\/uploads\/2018\/12\/dialogo_ciudadano_201812.jpg\" alt=\"\" width=\"700\" height=\"350\" srcset=\"https:\/\/www.yungayino.cl\/noticias\/wp-content\/uploads\/2018\/12\/dialogo_ciudadano_201812.jpg 700w, https:\/\/www.yungayino.cl\/noticias\/wp-content\/uploads\/2018\/12\/dialogo_ciudadano_201812-300x150.jpg 300w\" sizes=\"auto, (max-width: 700px) 100vw, 700px\" \/><\/p>\n<p style=\"text-align: justify;\">Yungay, lunes 10 de diciembre 2018: Ante 75 yungayinos se vivi\u00f3 la reciente semana un \u00abDi\u00e1logo Ciudadano\u00bb en dependencias del Sal\u00f3n de la Biblioteca Municipal de Yungay, donde se abord\u00f3 la problem\u00e1tica latente de los denominados \u00abLoteos Brujos\u00bb, demanda surgida en el marco de la Audiencia Ciudadana realizada semanas atr\u00e1s por la Gobernaci\u00f3n Provincial de Diguill\u00edn. En respuesta a lo anterior, y en conjunto con la Municipalidad de Yungay, la Seremi de Bienes Nacionales de \u00d1uble, Carolina Navarrete y profesionales de Serviu \u00d1uble y Municipales, aclararon la mayor parte de las dudas de los vecinos presentes, as\u00ed como tambi\u00e9n orientarlos a las acciones que puedan tomar en sus respectivas situaciones.<\/p>\n<p style=\"text-align: justify;\"><iframe loading=\"lazy\" style=\"border: none; overflow: hidden;\" src=\"https:\/\/www.facebook.com\/plugins\/post.php?href=https:\/\/www.facebook.com\/media\/set\/?set=a.2383600734988285&amp;type=1&amp;l=47429df1cc&amp;l=a77e327dc6&amp;l=f5951f1994&amp;l=bfecbb8adf&amp;l=687b6bf5da&amp;width=500&amp;show_text=true&amp;height=691&amp;appId\" width=\"500\" height=\"691\" frameborder=\"0\" scrolling=\"no\"><\/iframe><\/p>\n<p style=\"text-align: justify;\">\u00abComo Seremi de Bienes Nacionales estoy muy contenta con el conversatorio que se desarroll\u00f3 por cerca de dos horas, con dirigentes sociales de los sectores de El Membrillo, El Amanecer, Las Torres y Villa Para\u00edso, con los cuales abordamos la problem\u00e1tica de los loteos irregulares. Para nosotros la importancia radica en informar a las personas sobre los riesgos a los que se exponen si compran un loteo irregular, pero tambi\u00e9n en este caso, gracias a la invitaci\u00f3n de la Gobernadora Paola Becker, tuvimos la oportunidad de entregar respuestas a la gente para los loteos que ya est\u00e1n constituidos, reforzando el compromiso del Presidente Sebasti\u00e1n Pi\u00f1era de estar en terreno y atender las inquietudes de la ciudadan\u00eda\u00bb, explay\u00f3 la Seremi <strong>Carolina Navarrete<\/strong>.<\/p>\n<p style=\"text-align: justify;\">\u00abDel fruto de ese contacto con la gente mediante las Audiencias Ciudadanas, es que surgi\u00f3 la necesidad en Yungay de parte de los vecinos, de abordar una problem\u00e1tica nacional preocupante, al que el Gobierno le ha puesto urgencia como lo es la regularizaci\u00f3n de los t\u00edtulos de dominio, y por eso que se dio una muy buena charla con la Seremi de Bienes Nacionales, el abogado de Serviu \u00d1uble y Profesionales de la Municipalidad de Yungay, con gente que est\u00e1 viviendo esta situaci\u00f3n, resultando una muy buena evaluaci\u00f3n, la que a su vez seguiremos replicando en otras comunas donde se repite el mismo problema, cumpliendo el mandato del Presidente Pi\u00f1era\u00bb, dijo la Gobernadora.<\/p>\n<p style=\"text-align: justify;\">El alcalde de Yungay <strong>Rafael Cifuentes<\/strong>, agradeci\u00f3 la instancia de di\u00e1logo, surgida por requerimiento de la misma comunidad anteriormente, y con respuesta directa de parte de las autoridades regionales y provinciales.<\/p>\n<p style=\"text-align: justify;\">\u00abCreo que nosotros nos sacamos el Loto con este problema de los loteos irregulares, dado que son muchos los casos, los que siguen surgiendo. No es lo mismo cuando uno da respuestas sobre este tema, a que lo haga la autoridad competente en la materia, aterrizando la realidad de las situaciones de nuestros vecinos\u00bb, coment\u00f3 el Jefe Comunal.<\/p>\n<p style=\"text-align: justify;\">Finalmente el Jefe Territorial de la Gobernaci\u00f3n de Diguill\u00edn, <strong>Ram\u00f3n Mora<\/strong>, valor\u00f3 la grata recepci\u00f3n de parte de la comunidad yungayina sobre la jornada, la cual fue protagonizada principalmente por dirigentes de comit\u00e9s habitacionales de la comuna precordillerana.<\/p>\n<p style=\"text-align: justify;\">[su_button url=\u00bbhttps:\/\/www.facebook.com\/media\/set\/?set=a.2383600734988285&amp;type=1&amp;l=47429df1cc\u00bb target=\u00bbblank\u00bb size=\u00bb7&#8243; radius=\u00bbround\u00bb icon=\u00bbicon: facebook-square\u00bb]FOTOGRAF\u00cdAS &#8211; Di\u00e1logo Ciudadano Abord\u00f3 Problem\u00e1tica de \u201cLoteos Brujos\u201d en Yungay[\/su_button]<\/p>\n<p>&nbsp;<\/p>\n","protected":false},"excerpt":{"rendered":"<p>Yungay, lunes 10 de diciembre 2018: Ante 75 yungayinos se vivi\u00f3 la reciente semana un \u00abDi\u00e1logo Ciudadano\u00bb en dependencias del Sal\u00f3n de la Biblioteca Municipal de Yungay, donde se abord\u00f3 la problem\u00e1tica latente de&#46;&#46;&#46;<\/p>\n","protected":false},"author":2,"featured_media":20077,"comment_status":"closed","ping_status":"open","sticky":false,"template":"","format":"standard","meta":{"footnotes":""},"categories":[3,1],"tags":[1879,1115,8,6,117],"class_list":["post-20076","post","type-post","status-publish","format-standard","has-post-thumbnail","hentry","category-actualidad","category-noticias","tag-loteos-brujos","tag-noticias","tag-yungay","tag-yungayino","tag-yungayinocl"],"_links":{"self":[{"href":"https:\/\/www.yungayino.cl\/noticias\/index.php?rest_route=\/wp\/v2\/posts\/20076","targetHints":{"allow":["GET"]}}],"collection":[{"href":"https:\/\/www.yungayino.cl\/noticias\/index.php?rest_route=\/wp\/v2\/posts"}],"about":[{"href":"https:\/\/www.yungayino.cl\/noticias\/index.php?rest_route=\/wp\/v2\/types\/post"}],"author":[{"embeddable":true,"href":"https:\/\/www.yungayino.cl\/noticias\/index.php?rest_route=\/wp\/v2\/users\/2"}],"replies":[{"embeddable":true,"href":"https:\/\/www.yungayino.cl\/noticias\/index.php?rest_route=%2Fwp%2Fv2%2Fcomments&post=20076"}],"version-history":[{"count":2,"href":"https:\/\/www.yungayino.cl\/noticias\/index.php?rest_route=\/wp\/v2\/posts\/20076\/revisions"}],"predecessor-version":[{"id":20079,"href":"https:\/\/www.yungayino.cl\/noticias\/index.php?rest_route=\/wp\/v2\/posts\/20076\/revisions\/20079"}],"wp:featuredmedia":[{"embeddable":true,"href":"https:\/\/www.yungayino.cl\/noticias\/index.php?rest_route=\/wp\/v2\/media\/20077"}],"wp:attachment":[{"href":"https:\/\/www.yungayino.cl\/noticias\/index.php?rest_route=%2Fwp%2Fv2%2Fmedia&parent=20076"}],"wp:term":[{"taxonomy":"category","embeddable":true,"href":"https:\/\/www.yungayino.cl\/noticias\/index.php?rest_route=%2Fwp%2Fv2%2Fcategories&post=20076"},{"taxonomy":"post_tag","embeddable":true,"href":"https:\/\/www.yungayino.cl\/noticias\/index.php?rest_route=%2Fwp%2Fv2%2Ftags&post=20076"}],"curies":[{"name":"wp","href":"https:\/\/api.w.org\/{rel}","templated":true}]}}