{"id":20080,"date":"2018-12-11T10:00:13","date_gmt":"2018-12-11T13:00:13","guid":{"rendered":"http:\/\/www.yungayino.cl\/noticias\/?p=20080"},"modified":"2018-12-11T11:55:22","modified_gmt":"2018-12-11T14:55:22","slug":"peucanos-de-la-alta-cordillera-celebraron-su-aniversario-con-fiesta-criolla","status":"publish","type":"post","link":"https:\/\/www.yungayino.cl\/noticias\/?p=20080","title":{"rendered":"\u201cPeucanos de la Alta Cordillera\u201d Celebraron su Aniversario con Fiesta Criolla"},"content":{"rendered":"<p><img loading=\"lazy\" decoding=\"async\" class=\"alignnone size-full wp-image-20081\" src=\"http:\/\/www.yungayino.cl\/noticias\/wp-content\/uploads\/2018\/12\/peucanos_alta_cordillera_2018.jpg\" alt=\"\" width=\"700\" height=\"350\" srcset=\"https:\/\/www.yungayino.cl\/noticias\/wp-content\/uploads\/2018\/12\/peucanos_alta_cordillera_2018.jpg 700w, https:\/\/www.yungayino.cl\/noticias\/wp-content\/uploads\/2018\/12\/peucanos_alta_cordillera_2018-300x150.jpg 300w\" sizes=\"auto, (max-width: 700px) 100vw, 700px\" \/><\/p>\n<p style=\"text-align: justify;\">Yungay, la Organizaci\u00f3n Cultural de los <strong>\u201cPeucanos de La Alta Cordillera\u201d<\/strong>, cuya finalidad es rescatar las tradiciones de los habitantes de los sectores rurales de nuestra comuna, celebraron el pasado s\u00e1bado 08 de diciembre su s\u00e9ptimo aniversario con una gran fiesta criolla, la que se realiz\u00f3 en el Complejo H\u00edpico de Yungay<\/p>\n<p style=\"text-align: justify;\"><iframe loading=\"lazy\" style=\"border: none; overflow: hidden;\" src=\"https:\/\/www.facebook.com\/plugins\/post.php?href=https:\/\/www.facebook.com\/media\/set\/?set=a.2382833478398344&amp;type=1&amp;l=b8ec820747&amp;l=a77e327dc6&amp;l=f5951f1994&amp;l=bfecbb8adf&amp;l=687b6bf5da&amp;width=500&amp;show_text=true&amp;height=691&amp;appId\" width=\"500\" height=\"691\" frameborder=\"0\" scrolling=\"no\"><\/iframe><\/p>\n<p style=\"text-align: justify;\">La jornada se inici\u00f3 al mediod\u00eda con una ceremonia la cual cont\u00f3 con la asistencia del alcalde Sr. Rafael Cifuentes Rodr\u00edguez, Concejales, Autoridades e invitados especiales, quienes realizaron el tradicional corte de cinta para comenzar la Fiesta Criolla, donde se inici\u00f3 con la presentaci\u00f3n de candidatas a reinas 2018.<\/p>\n<p style=\"text-align: justify;\">Destacar que durante la tarde cientos de asistentes pudieron disfrutar de almuerzos tradicionales, empanadas, mote con huesillo, tortillas y diferentes productos que ofrec\u00edan los stands instalados.<\/p>\n<p style=\"text-align: justify;\">Las grandes carreras a la chilenas fueron las favoritas del p\u00fablico que asisti\u00f3, as\u00ed como tambi\u00e9n los concursos para los ni\u00f1os (as) y las competencias que disputaban las candidatas a reina para ganar puntaje y poder obtener la corona.<\/p>\n<p style=\"text-align: justify;\">Finalmente se\u00f1alar que la m\u00fasica ranchera no pod\u00eda estar ausente, es por eso que El Grupo Ranchero \u201cLos R 15\u201d de Curic\u00f3 y el Grupo Ranchero \u201cLos Vaqueros\u201d de Cabrero fueron los encargados de hacer bailar al p\u00fablico asistente, quienes adem\u00e1s disfrutaron de las presentaciones del Charro Yungayino Luis San Martin, los Cantautores Rodrigo y Lennin.<\/p>\n<p style=\"text-align: justify;\">[su_button url=\u00bbhttps:\/\/www.facebook.com\/media\/set\/?set=a.2382833478398344&amp;type=1&amp;l=b8ec820747&#8243; target=\u00bbblank\u00bb size=\u00bb7&#8243; radius=\u00bbround\u00bb icon=\u00bbicon: facebook-square\u00bb]FOTOGRAF\u00cdAS &#8211; \u201cPeucanos de la Alta Cordillera\u201d Celebraron su Aniversario con Fiesta Criolla[\/su_button]<\/p>\n<p style=\"text-align: justify;\">\n","protected":false},"excerpt":{"rendered":"<p>Yungay, la Organizaci\u00f3n Cultural de los \u201cPeucanos de La Alta Cordillera\u201d, cuya finalidad es rescatar las tradiciones de los habitantes de los sectores rurales de nuestra comuna, celebraron el pasado s\u00e1bado 08 de diciembre&#46;&#46;&#46;<\/p>\n","protected":false},"author":2,"featured_media":20081,"comment_status":"closed","ping_status":"open","sticky":false,"template":"","format":"standard","meta":{"footnotes":""},"categories":[5,1],"tags":[298,1115,576,8,6,117],"class_list":["post-20080","post","type-post","status-publish","format-standard","has-post-thumbnail","hentry","category-eventos","category-noticias","tag-aniversario","tag-noticias","tag-peucanos-de-la-alta-cordillera","tag-yungay","tag-yungayino","tag-yungayinocl"],"_links":{"self":[{"href":"https:\/\/www.yungayino.cl\/noticias\/index.php?rest_route=\/wp\/v2\/posts\/20080","targetHints":{"allow":["GET"]}}],"collection":[{"href":"https:\/\/www.yungayino.cl\/noticias\/index.php?rest_route=\/wp\/v2\/posts"}],"about":[{"href":"https:\/\/www.yungayino.cl\/noticias\/index.php?rest_route=\/wp\/v2\/types\/post"}],"author":[{"embeddable":true,"href":"https:\/\/www.yungayino.cl\/noticias\/index.php?rest_route=\/wp\/v2\/users\/2"}],"replies":[{"embeddable":true,"href":"https:\/\/www.yungayino.cl\/noticias\/index.php?rest_route=%2Fwp%2Fv2%2Fcomments&post=20080"}],"version-history":[{"count":2,"href":"https:\/\/www.yungayino.cl\/noticias\/index.php?rest_route=\/wp\/v2\/posts\/20080\/revisions"}],"predecessor-version":[{"id":20083,"href":"https:\/\/www.yungayino.cl\/noticias\/index.php?rest_route=\/wp\/v2\/posts\/20080\/revisions\/20083"}],"wp:featuredmedia":[{"embeddable":true,"href":"https:\/\/www.yungayino.cl\/noticias\/index.php?rest_route=\/wp\/v2\/media\/20081"}],"wp:attachment":[{"href":"https:\/\/www.yungayino.cl\/noticias\/index.php?rest_route=%2Fwp%2Fv2%2Fmedia&parent=20080"}],"wp:term":[{"taxonomy":"category","embeddable":true,"href":"https:\/\/www.yungayino.cl\/noticias\/index.php?rest_route=%2Fwp%2Fv2%2Fcategories&post=20080"},{"taxonomy":"post_tag","embeddable":true,"href":"https:\/\/www.yungayino.cl\/noticias\/index.php?rest_route=%2Fwp%2Fv2%2Ftags&post=20080"}],"curies":[{"name":"wp","href":"https:\/\/api.w.org\/{rel}","templated":true}]}}