{"id":20085,"date":"2018-12-12T23:00:18","date_gmt":"2018-12-13T02:00:18","guid":{"rendered":"http:\/\/www.yungayino.cl\/noticias\/?p=20085"},"modified":"2018-12-13T03:25:05","modified_gmt":"2018-12-13T06:25:05","slug":"encuentro-comunal-de-usuarias-y-evaluacion-de-programa-mujeres-jefas-de-hogar-ano-2018","status":"publish","type":"post","link":"https:\/\/www.yungayino.cl\/noticias\/?p=20085","title":{"rendered":"Encuentro Comunal de Usuarias y Evaluaci\u00f3n de Programa \u201cMujeres Jefas de Hogar\u201d A\u00f1o 2018"},"content":{"rendered":"<p><img loading=\"lazy\" decoding=\"async\" class=\"alignnone size-full wp-image-20086\" src=\"http:\/\/www.yungayino.cl\/noticias\/wp-content\/uploads\/2018\/12\/mujeres_jefas_hogar_201812.jpg\" alt=\"\" width=\"700\" height=\"350\" srcset=\"https:\/\/www.yungayino.cl\/noticias\/wp-content\/uploads\/2018\/12\/mujeres_jefas_hogar_201812.jpg 700w, https:\/\/www.yungayino.cl\/noticias\/wp-content\/uploads\/2018\/12\/mujeres_jefas_hogar_201812-300x150.jpg 300w\" sizes=\"auto, (max-width: 700px) 100vw, 700px\" \/><\/p>\n<p style=\"text-align: justify;\">Yungay, mi\u00e9rcoles 12 de diciembre 2018: En el Auditorio de la Biblioteca P\u00fablica se llev\u00f3 a cabo el Encuentro Comunal de Usuarias y Evaluaci\u00f3n de Programa \u201cMujeres Jefas de Hogar\u201d A\u00f1o 2018, que ofrece la Ilustre Municipalidad de Yungay y el Servicio Nacional de la Mujer y la Equidad de G\u00e9nero.<\/p>\n<p style=\"text-align: justify;\"><iframe loading=\"lazy\" style=\"border: none; overflow: hidden;\" src=\"https:\/\/www.facebook.com\/plugins\/post.php?href=https:\/\/www.facebook.com\/media\/set\/?set=a.2386038401411185&amp;type=1&amp;l=bb96e1fd3e&amp;l=a77e327dc6&amp;l=f5951f1994&amp;l=bfecbb8adf&amp;l=687b6bf5da&amp;width=500&amp;show_text=true&amp;height=691&amp;appId\" width=\"500\" height=\"691\" frameborder=\"0\" scrolling=\"no\"><\/iframe><\/p>\n<p style=\"text-align: justify;\">El encuentro cont\u00f3 con la asistencia del alcalde Sr. Rafael Cifuentes Rodr\u00edguez, los concejales Sr. Rodrigo Stuardo, Sr. Ricardo Ramos, Sra. Ang\u00e9lica Cabezas y Sra. Patricia Moncada, adem\u00e1s del futuro Director del Cesfam de Campanario Sr. Juan Pablo Fern\u00e1ndez, de Profesi\u00f3n Cirujano Dentista, qui\u00e9n asumir\u00e1 el pr\u00f3ximos 02 de enero 2019.<\/p>\n<p style=\"text-align: justify;\">Durante el encuentro las mismas mujeres presentaron el trabajo de evaluaci\u00f3n aprendido durante las capacitaciones. Tambi\u00e9n durante el encuentro se realiz\u00f3 la entrega de premios capital semilla, donde de los 13 proyectos recibidos, 4 fueron seleccionados los cuales recayeron en la <strong>Sra. Luisa Carrasco<\/strong>, con su proyecto \u201cPuntadas de Colores\u201d, la <strong>Sra. Pilar Quilodr\u00e1n<\/strong> con \u201cCociner\u00eda la Pili\u201d, la <strong>Sra. Jennifer Vergara<\/strong> con \u201cDulces Momentos\u201d y la <strong>Sra. Teresa Ramos<\/strong> con su proyecto \u201cHilo de Ideas\u201d.<\/p>\n<p style=\"text-align: justify;\">Para Finalizar la actividad todos los presentes compartieron un C\u00f3ctel.<\/p>\n<p style=\"text-align: justify;\">[su_button url=\u00bbhttps:\/\/www.facebook.com\/media\/set\/?set=a.2386038401411185&amp;type=1&amp;l=bb96e1fd3e\u00bb target=\u00bbblank\u00bb size=\u00bb7&#8243; radius=\u00bbround\u00bb icon=\u00bbicon: facebook-square\u00bb]FOTOGRAF\u00cdAS &#8211; Encuentro Comunal de Usuarias y Evaluaci\u00f3n de Programa \u201cMujeres Jefas de Hogar\u201d A\u00f1o 2018[\/su_button]<\/p>\n","protected":false},"excerpt":{"rendered":"<p>Yungay, mi\u00e9rcoles 12 de diciembre 2018: En el Auditorio de la Biblioteca P\u00fablica se llev\u00f3 a cabo el Encuentro Comunal de Usuarias y Evaluaci\u00f3n de Programa \u201cMujeres Jefas de Hogar\u201d A\u00f1o 2018, que ofrece&#46;&#46;&#46;<\/p>\n","protected":false},"author":2,"featured_media":20086,"comment_status":"closed","ping_status":"open","sticky":false,"template":"","format":"standard","meta":{"footnotes":""},"categories":[1],"tags":[1880,1115,8,6,117],"class_list":["post-20085","post","type-post","status-publish","format-standard","has-post-thumbnail","hentry","category-noticias","tag-mujeres-jefas-de-hogar","tag-noticias","tag-yungay","tag-yungayino","tag-yungayinocl"],"_links":{"self":[{"href":"https:\/\/www.yungayino.cl\/noticias\/index.php?rest_route=\/wp\/v2\/posts\/20085","targetHints":{"allow":["GET"]}}],"collection":[{"href":"https:\/\/www.yungayino.cl\/noticias\/index.php?rest_route=\/wp\/v2\/posts"}],"about":[{"href":"https:\/\/www.yungayino.cl\/noticias\/index.php?rest_route=\/wp\/v2\/types\/post"}],"author":[{"embeddable":true,"href":"https:\/\/www.yungayino.cl\/noticias\/index.php?rest_route=\/wp\/v2\/users\/2"}],"replies":[{"embeddable":true,"href":"https:\/\/www.yungayino.cl\/noticias\/index.php?rest_route=%2Fwp%2Fv2%2Fcomments&post=20085"}],"version-history":[{"count":1,"href":"https:\/\/www.yungayino.cl\/noticias\/index.php?rest_route=\/wp\/v2\/posts\/20085\/revisions"}],"predecessor-version":[{"id":20087,"href":"https:\/\/www.yungayino.cl\/noticias\/index.php?rest_route=\/wp\/v2\/posts\/20085\/revisions\/20087"}],"wp:featuredmedia":[{"embeddable":true,"href":"https:\/\/www.yungayino.cl\/noticias\/index.php?rest_route=\/wp\/v2\/media\/20086"}],"wp:attachment":[{"href":"https:\/\/www.yungayino.cl\/noticias\/index.php?rest_route=%2Fwp%2Fv2%2Fmedia&parent=20085"}],"wp:term":[{"taxonomy":"category","embeddable":true,"href":"https:\/\/www.yungayino.cl\/noticias\/index.php?rest_route=%2Fwp%2Fv2%2Fcategories&post=20085"},{"taxonomy":"post_tag","embeddable":true,"href":"https:\/\/www.yungayino.cl\/noticias\/index.php?rest_route=%2Fwp%2Fv2%2Ftags&post=20085"}],"curies":[{"name":"wp","href":"https:\/\/api.w.org\/{rel}","templated":true}]}}