{"id":20109,"date":"2018-12-21T15:00:25","date_gmt":"2018-12-21T18:00:25","guid":{"rendered":"http:\/\/www.yungayino.cl\/noticias\/?p=20109"},"modified":"2018-12-21T16:54:34","modified_gmt":"2018-12-21T19:54:34","slug":"adultos-mayores-celebraron-un-ano-lleno-de-suenos-cumplidos-en-la-casa-del-adulto-mayor","status":"publish","type":"post","link":"https:\/\/www.yungayino.cl\/noticias\/?p=20109","title":{"rendered":"Adultos Mayores Celebraron un A\u00f1o Lleno de Sue\u00f1os Cumplidos en la Casa del Adulto Mayor"},"content":{"rendered":"<p><img loading=\"lazy\" decoding=\"async\" class=\"alignnone size-full wp-image-20110\" src=\"http:\/\/www.yungayino.cl\/noticias\/wp-content\/uploads\/2018\/12\/adultos_mayores_201812.jpg\" alt=\"\" width=\"700\" height=\"350\" srcset=\"https:\/\/www.yungayino.cl\/noticias\/wp-content\/uploads\/2018\/12\/adultos_mayores_201812.jpg 700w, https:\/\/www.yungayino.cl\/noticias\/wp-content\/uploads\/2018\/12\/adultos_mayores_201812-300x150.jpg 300w\" sizes=\"auto, (max-width: 700px) 100vw, 700px\" \/><\/p>\n<p style=\"text-align: justify;\">Yungay, viernes 21 diciembre 2018: La Uni\u00f3n Comunal de Adultos Mayores celebr\u00f3 con todo la ansiada ampliaci\u00f3n de la cocina de su sede gracias a la adjudicaci\u00f3n de proyecto autogestionado SENAMA, la colaboraci\u00f3n de la municipalidad, empresas privadas y aportes propios de la organizaci\u00f3n.<\/p>\n<p style=\"text-align: justify;\"><iframe loading=\"lazy\" style=\"border: none; overflow: hidden;\" src=\"https:\/\/www.facebook.com\/plugins\/post.php?href=https:\/\/www.facebook.com\/media\/set\/?set=a.2398795556802136&amp;type=1&amp;l=151c4dc762&amp;l=a77e327dc6&amp;l=f5951f1994&amp;l=bfecbb8adf&amp;l=687b6bf5da&amp;width=500&amp;show_text=true&amp;height=691&amp;appId\" width=\"500\" height=\"691\" frameborder=\"0\" scrolling=\"no\"><\/iframe><\/p>\n<p style=\"text-align: justify;\">Este anhelo naci\u00f3 a partir de la clara necesidad de evitar accidentes cada vez que nuestros adultos mayores realizan actividades alimentarias ya\u00a0sean para el propio consumo y\/o su comercializaci\u00f3n, de tener un espacio digno para trabajar en ello y de mejorar las condiciones en las que trabajan por la comunidad.<\/p>\n<p style=\"text-align: justify;\">Una orgullosa presidenta de la Uni\u00f3n Comunal de Adultos mayores se mostr\u00f3 dichosa con la ejecuci\u00f3n y resultados del proyecto y demostr\u00f3 su agradecimiento festejando como corresponde con las entidades que apoyaron el cumplimiento del objetivo y sus adultos mayores.<\/p>\n<p style=\"text-align: justify;\">\u00a1Muchas felicidades por este hermoso logro!<\/p>\n<p style=\"text-align: justify;\">[su_button url=\u00bbhttps:\/\/www.facebook.com\/media\/set\/?set=a.2398795556802136&amp;type=1&amp;l=151c4dc762&#8243; target=\u00bbblank\u00bb size=\u00bb7&#8243; radius=\u00bbround\u00bb icon=\u00bbicon: facebook-square\u00bb]FOTOGRAF\u00cdAS &#8211; Adultos Mayores Celebraron un A\u00f1o Lleno de Sue\u00f1os Cumplidos en la Casa del Adulto Mayor[\/su_button]<\/p>\n","protected":false},"excerpt":{"rendered":"<p>Yungay, viernes 21 diciembre 2018: La Uni\u00f3n Comunal de Adultos Mayores celebr\u00f3 con todo la ansiada ampliaci\u00f3n de la cocina de su sede gracias a la adjudicaci\u00f3n de proyecto autogestionado SENAMA, la colaboraci\u00f3n de&#46;&#46;&#46;<\/p>\n","protected":false},"author":2,"featured_media":20110,"comment_status":"closed","ping_status":"open","sticky":false,"template":"","format":"standard","meta":{"footnotes":""},"categories":[1],"tags":[57,1115,8,6,117],"class_list":["post-20109","post","type-post","status-publish","format-standard","has-post-thumbnail","hentry","category-noticias","tag-adultos-mayores","tag-noticias","tag-yungay","tag-yungayino","tag-yungayinocl"],"_links":{"self":[{"href":"https:\/\/www.yungayino.cl\/noticias\/index.php?rest_route=\/wp\/v2\/posts\/20109","targetHints":{"allow":["GET"]}}],"collection":[{"href":"https:\/\/www.yungayino.cl\/noticias\/index.php?rest_route=\/wp\/v2\/posts"}],"about":[{"href":"https:\/\/www.yungayino.cl\/noticias\/index.php?rest_route=\/wp\/v2\/types\/post"}],"author":[{"embeddable":true,"href":"https:\/\/www.yungayino.cl\/noticias\/index.php?rest_route=\/wp\/v2\/users\/2"}],"replies":[{"embeddable":true,"href":"https:\/\/www.yungayino.cl\/noticias\/index.php?rest_route=%2Fwp%2Fv2%2Fcomments&post=20109"}],"version-history":[{"count":1,"href":"https:\/\/www.yungayino.cl\/noticias\/index.php?rest_route=\/wp\/v2\/posts\/20109\/revisions"}],"predecessor-version":[{"id":20111,"href":"https:\/\/www.yungayino.cl\/noticias\/index.php?rest_route=\/wp\/v2\/posts\/20109\/revisions\/20111"}],"wp:featuredmedia":[{"embeddable":true,"href":"https:\/\/www.yungayino.cl\/noticias\/index.php?rest_route=\/wp\/v2\/media\/20110"}],"wp:attachment":[{"href":"https:\/\/www.yungayino.cl\/noticias\/index.php?rest_route=%2Fwp%2Fv2%2Fmedia&parent=20109"}],"wp:term":[{"taxonomy":"category","embeddable":true,"href":"https:\/\/www.yungayino.cl\/noticias\/index.php?rest_route=%2Fwp%2Fv2%2Fcategories&post=20109"},{"taxonomy":"post_tag","embeddable":true,"href":"https:\/\/www.yungayino.cl\/noticias\/index.php?rest_route=%2Fwp%2Fv2%2Ftags&post=20109"}],"curies":[{"name":"wp","href":"https:\/\/api.w.org\/{rel}","templated":true}]}}