{"id":20112,"date":"2018-12-22T20:00:56","date_gmt":"2018-12-22T23:00:56","guid":{"rendered":"http:\/\/www.yungayino.cl\/noticias\/?p=20112"},"modified":"2018-12-22T22:38:56","modified_gmt":"2018-12-23T01:38:56","slug":"complejo-maderas-cholguan-celebro-fiesta-de-navidad-2018-en-parque-acuatico-antu-de-quillon","status":"publish","type":"post","link":"https:\/\/www.yungayino.cl\/noticias\/?p=20112","title":{"rendered":"Complejo Maderas Cholgu\u00e1n Celebr\u00f3 Fiesta de Navidad 2018 en Parque Acu\u00e1tico \u201cAntu\u201d de Quill\u00f3n"},"content":{"rendered":"<p><img loading=\"lazy\" decoding=\"async\" class=\"alignnone size-full wp-image-20113\" src=\"http:\/\/www.yungayino.cl\/noticias\/wp-content\/uploads\/2018\/12\/aserradero_navidad_quillon_2018.jpg\" alt=\"\" width=\"700\" height=\"350\" srcset=\"https:\/\/www.yungayino.cl\/noticias\/wp-content\/uploads\/2018\/12\/aserradero_navidad_quillon_2018.jpg 700w, https:\/\/www.yungayino.cl\/noticias\/wp-content\/uploads\/2018\/12\/aserradero_navidad_quillon_2018-300x150.jpg 300w\" sizes=\"auto, (max-width: 700px) 100vw, 700px\" \/><\/p>\n<p style=\"text-align: justify;\">S\u00e1bado 22 de diciembre 2018: En las instalaciones del Parque Acu\u00e1tico \u201cAntu\u201d, ubicado en la comuna de Quill\u00f3n, el Complejo Maderas Cholgu\u00e1n, celebr\u00f3 la \u201cFiesta de Navidad 2018\u201c, a todos los hijos(as) de sus trabajadores el pasado domingo 16 de diciembre.<\/p>\n<p style=\"text-align: justify;\"><iframe loading=\"lazy\" style=\"border: none; overflow: hidden;\" src=\"https:\/\/www.facebook.com\/plugins\/post.php?href=https:\/\/www.facebook.com\/media\/set\/?set=a.2400342346647457&amp;type=1&amp;l=a9f5a607f0&amp;l=a77e327dc6&amp;l=f5951f1994&amp;l=bfecbb8adf&amp;l=687b6bf5da&amp;width=500&amp;show_text=true&amp;height=691&amp;appId\" width=\"500\" height=\"691\" frameborder=\"0\" scrolling=\"no\"><\/iframe><\/p>\n<p style=\"text-align: justify;\">Fue as\u00ed que a partir de las 12:00 horas ni\u00f1os y grandes disfrutaron en familia hasta las 19:00 horas de las hermosas instalaciones de casi mil metros cuadrados, donde los favoritos eran los toboganes y piscinas con juegos acu\u00e1ticos para los ni\u00f1os, adem\u00e1s de la entrega de golosinas, helados, bebidas y lo m\u00e1s esperado por los ni\u00f1os la entrega de regalos, todo organizado por el Equipo de Servicio Personas.<\/p>\n<p style=\"text-align: justify;\"><strong>Sra. Fernanda Urra<\/strong>, Encargada \u00c1rea Personas se\u00f1alo que esta fiesta se prepar\u00f3 con mucho cari\u00f1o, donde se movilizaron buses de diferentes puntos, para trasladar a todas las personas, con el objetivo de reunir a todas las familias para celebrar una nueva fiesta de navidad como una sola gran familia del Complejo Maderas Cholgu\u00e1n Arauco.<\/p>\n<p style=\"text-align: justify;\">[su_button url=\u00bbhttps:\/\/www.facebook.com\/media\/set\/?set=a.2400342346647457&amp;type=1&amp;l=a9f5a607f0&#8243; target=\u00bbblank\u00bb size=\u00bb7&#8243; radius=\u00bbround\u00bb icon=\u00bbicon: facebook-square\u00bb]FOTOGRAF\u00cdAS &#8211; Complejo Maderas Cholgu\u00e1n Celebr\u00f3 Fiesta de Navidad 2018 en Parque Acu\u00e1tico \u201cAntu\u201d de Quill\u00f3n[\/su_button]<\/p>\n","protected":false},"excerpt":{"rendered":"<p>S\u00e1bado 22 de diciembre 2018: En las instalaciones del Parque Acu\u00e1tico \u201cAntu\u201d, ubicado en la comuna de Quill\u00f3n, el Complejo Maderas Cholgu\u00e1n, celebr\u00f3 la \u201cFiesta de Navidad 2018\u201c, a todos los hijos(as) de sus&#46;&#46;&#46;<\/p>\n","protected":false},"author":2,"featured_media":20113,"comment_status":"closed","ping_status":"open","sticky":false,"template":"","format":"standard","meta":{"footnotes":""},"categories":[5,1],"tags":[119,1115,8,6,117],"class_list":["post-20112","post","type-post","status-publish","format-standard","has-post-thumbnail","hentry","category-eventos","category-noticias","tag-navidad","tag-noticias","tag-yungay","tag-yungayino","tag-yungayinocl"],"_links":{"self":[{"href":"https:\/\/www.yungayino.cl\/noticias\/index.php?rest_route=\/wp\/v2\/posts\/20112","targetHints":{"allow":["GET"]}}],"collection":[{"href":"https:\/\/www.yungayino.cl\/noticias\/index.php?rest_route=\/wp\/v2\/posts"}],"about":[{"href":"https:\/\/www.yungayino.cl\/noticias\/index.php?rest_route=\/wp\/v2\/types\/post"}],"author":[{"embeddable":true,"href":"https:\/\/www.yungayino.cl\/noticias\/index.php?rest_route=\/wp\/v2\/users\/2"}],"replies":[{"embeddable":true,"href":"https:\/\/www.yungayino.cl\/noticias\/index.php?rest_route=%2Fwp%2Fv2%2Fcomments&post=20112"}],"version-history":[{"count":1,"href":"https:\/\/www.yungayino.cl\/noticias\/index.php?rest_route=\/wp\/v2\/posts\/20112\/revisions"}],"predecessor-version":[{"id":20114,"href":"https:\/\/www.yungayino.cl\/noticias\/index.php?rest_route=\/wp\/v2\/posts\/20112\/revisions\/20114"}],"wp:featuredmedia":[{"embeddable":true,"href":"https:\/\/www.yungayino.cl\/noticias\/index.php?rest_route=\/wp\/v2\/media\/20113"}],"wp:attachment":[{"href":"https:\/\/www.yungayino.cl\/noticias\/index.php?rest_route=%2Fwp%2Fv2%2Fmedia&parent=20112"}],"wp:term":[{"taxonomy":"category","embeddable":true,"href":"https:\/\/www.yungayino.cl\/noticias\/index.php?rest_route=%2Fwp%2Fv2%2Fcategories&post=20112"},{"taxonomy":"post_tag","embeddable":true,"href":"https:\/\/www.yungayino.cl\/noticias\/index.php?rest_route=%2Fwp%2Fv2%2Ftags&post=20112"}],"curies":[{"name":"wp","href":"https:\/\/api.w.org\/{rel}","templated":true}]}}