{"id":20118,"date":"2018-12-29T07:00:22","date_gmt":"2018-12-29T10:00:22","guid":{"rendered":"http:\/\/www.yungayino.cl\/noticias\/?p=20118"},"modified":"2018-12-28T21:40:16","modified_gmt":"2018-12-29T00:40:16","slug":"seremi-de-energia-gestionara-aumento-de-capacidad-energetica-para-nuble","status":"publish","type":"post","link":"https:\/\/www.yungayino.cl\/noticias\/?p=20118","title":{"rendered":"Seremi de Energ\u00eda Gestionar\u00e1 Aumento de Capacidad Energ\u00e9tica para \u00d1uble"},"content":{"rendered":"<p><img loading=\"lazy\" decoding=\"async\" class=\"alignnone size-full wp-image-20119\" src=\"http:\/\/www.yungayino.cl\/noticias\/wp-content\/uploads\/2018\/12\/seremi_energia.jpg\" alt=\"\" width=\"700\" height=\"352\" srcset=\"https:\/\/www.yungayino.cl\/noticias\/wp-content\/uploads\/2018\/12\/seremi_energia.jpg 700w, https:\/\/www.yungayino.cl\/noticias\/wp-content\/uploads\/2018\/12\/seremi_energia-300x151.jpg 300w, https:\/\/www.yungayino.cl\/noticias\/wp-content\/uploads\/2018\/12\/seremi_energia-298x150.jpg 298w\" sizes=\"auto, (max-width: 700px) 100vw, 700px\" \/><\/p>\n<p style=\"text-align: justify;\">Regional, diciembre 2018: El Seremi de Energ\u00eda de \u00d1uble, Cristi\u00e1n Trucco Campos, se reuni\u00f3 esta ma\u00f1ana con la Empresa Distribuidora de Energ\u00eda Copelec, a ra\u00edz de la problem\u00e1tica que ha presentado dicha compa\u00f1\u00eda al no contar con la suficiente capacidad energ\u00e9tica para abastecer a la comunidad.<\/p>\n<p style=\"text-align: justify;\">\u201cHace algunas semanas atr\u00e1s Copelec nos manifest\u00f3 su preocupaci\u00f3n, ya que existe un d\u00e9ficit en la capacidad del conductor de la l\u00ednea de transmisi\u00f3n Chill\u00e1n \u2013 Charr\u00faa\u00a0 propiedad de CGE, y que por lo tanto no est\u00e1 en condiciones de suministrar energ\u00eda a la Empresa Distribuidora Copelec, quien finalmente no puede abastecer a los usuarios finales, situaci\u00f3n que nos preocupa y que debemos resolver\u201d, manifest\u00f3 la autoridad.<\/p>\n<p style=\"text-align: justify;\">Por lo anterior, tanto Copelec como el Seremi de Energ\u00eda de \u00d1uble, tomaron contacto con el CEN (Coordinador El\u00e9ctrico Nacional) para analizar la situaci\u00f3n y buscar una soluci\u00f3n que responda a las necesidades tanto de la empresa como de la comunidad.<\/p>\n<p style=\"text-align: justify;\">\u201cHablamos tambi\u00e9n con CGE, ya que ser\u00edan ellos quienes deber\u00edan modificar su l\u00ednea transmisora. Al ser consultados, nos indicaron que ya se est\u00e1n realizando trabajos en esa l\u00ednea, situaci\u00f3n que como seremi estaremos monitoreando para que asegurarnos que se cumpla\u201d, se\u00f1al\u00f3 el Seremi, y concluy\u00f3: \u201cComo Subsecretar\u00eda Regional Ministerial de Energ\u00eda\u00a0 de \u00d1uble adquirimos este compromiso y tomamos este asunto con seriedad. Adem\u00e1s, paralelamente, estamos trabajando junto al GORE y las compa\u00f1\u00edas el\u00e9ctricas en los futuros requerimientos energ\u00e9ticos de la regi\u00f3n de acuerdo a proyecciones de posibles polos de desarrollo, por lo que continuaremos en esta senda, buscando la mejor soluci\u00f3n a todas las adversidades que pudieran presentarse. La idea es que \u00d1uble siga creciendo\u201d, finaliz\u00f3 el Seremi.<\/p>\n","protected":false},"excerpt":{"rendered":"<p>Regional, diciembre 2018: El Seremi de Energ\u00eda de \u00d1uble, Cristi\u00e1n Trucco Campos, se reuni\u00f3 esta ma\u00f1ana con la Empresa Distribuidora de Energ\u00eda Copelec, a ra\u00edz de la problem\u00e1tica que ha presentado dicha compa\u00f1\u00eda al&#46;&#46;&#46;<\/p>\n","protected":false},"author":2,"featured_media":20119,"comment_status":"closed","ping_status":"open","sticky":false,"template":"","format":"standard","meta":{"footnotes":""},"categories":[1],"tags":[1115,1528,8,6,117],"class_list":["post-20118","post","type-post","status-publish","format-standard","has-post-thumbnail","hentry","category-noticias","tag-noticias","tag-seremi","tag-yungay","tag-yungayino","tag-yungayinocl"],"_links":{"self":[{"href":"https:\/\/www.yungayino.cl\/noticias\/index.php?rest_route=\/wp\/v2\/posts\/20118","targetHints":{"allow":["GET"]}}],"collection":[{"href":"https:\/\/www.yungayino.cl\/noticias\/index.php?rest_route=\/wp\/v2\/posts"}],"about":[{"href":"https:\/\/www.yungayino.cl\/noticias\/index.php?rest_route=\/wp\/v2\/types\/post"}],"author":[{"embeddable":true,"href":"https:\/\/www.yungayino.cl\/noticias\/index.php?rest_route=\/wp\/v2\/users\/2"}],"replies":[{"embeddable":true,"href":"https:\/\/www.yungayino.cl\/noticias\/index.php?rest_route=%2Fwp%2Fv2%2Fcomments&post=20118"}],"version-history":[{"count":1,"href":"https:\/\/www.yungayino.cl\/noticias\/index.php?rest_route=\/wp\/v2\/posts\/20118\/revisions"}],"predecessor-version":[{"id":20120,"href":"https:\/\/www.yungayino.cl\/noticias\/index.php?rest_route=\/wp\/v2\/posts\/20118\/revisions\/20120"}],"wp:featuredmedia":[{"embeddable":true,"href":"https:\/\/www.yungayino.cl\/noticias\/index.php?rest_route=\/wp\/v2\/media\/20119"}],"wp:attachment":[{"href":"https:\/\/www.yungayino.cl\/noticias\/index.php?rest_route=%2Fwp%2Fv2%2Fmedia&parent=20118"}],"wp:term":[{"taxonomy":"category","embeddable":true,"href":"https:\/\/www.yungayino.cl\/noticias\/index.php?rest_route=%2Fwp%2Fv2%2Fcategories&post=20118"},{"taxonomy":"post_tag","embeddable":true,"href":"https:\/\/www.yungayino.cl\/noticias\/index.php?rest_route=%2Fwp%2Fv2%2Ftags&post=20118"}],"curies":[{"name":"wp","href":"https:\/\/api.w.org\/{rel}","templated":true}]}}