{"id":20150,"date":"2019-01-10T16:00:57","date_gmt":"2019-01-10T19:00:57","guid":{"rendered":"http:\/\/www.yungayino.cl\/noticias\/?p=20150"},"modified":"2019-01-10T17:38:40","modified_gmt":"2019-01-10T20:38:40","slug":"jardin-rayo-de-luna-realizo-ceremonia-de-egreso","status":"publish","type":"post","link":"https:\/\/www.yungayino.cl\/noticias\/?p=20150","title":{"rendered":"Jard\u00edn Rayo de Luna Realiz\u00f3 Ceremonia de Egreso"},"content":{"rendered":"<p><img loading=\"lazy\" decoding=\"async\" class=\"alignnone size-full wp-image-20151\" src=\"http:\/\/www.yungayino.cl\/noticias\/wp-content\/uploads\/2019\/01\/jardin_rayo_luna_egreso_2019.jpg\" alt=\"\" width=\"700\" height=\"350\" srcset=\"https:\/\/www.yungayino.cl\/noticias\/wp-content\/uploads\/2019\/01\/jardin_rayo_luna_egreso_2019.jpg 700w, https:\/\/www.yungayino.cl\/noticias\/wp-content\/uploads\/2019\/01\/jardin_rayo_luna_egreso_2019-300x150.jpg 300w\" sizes=\"auto, (max-width: 700px) 100vw, 700px\" \/><\/p>\n<p style=\"text-align: justify;\">Yungay, jueves 10 de enero 2019: en el auditorio de la biblioteca p\u00fablica ayer mi\u00e9rcoles 9 de enero durante la jornada de la ma\u00f1ana se realiz\u00f3 la ceremonia de egreso de ni\u00f1os y ni\u00f1as del nivel medio mayor del jard\u00edn Rayo de Luna de Yungay.<\/p>\n<p style=\"text-align: justify;\"><iframe loading=\"lazy\" style=\"border: none; overflow: hidden;\" src=\"https:\/\/www.facebook.com\/plugins\/post.php?href=https:\/\/www.facebook.com\/media\/set\/?set=a.2429052750443083&amp;type=1&amp;l=8401245518&amp;l=a77e327dc6&amp;l=f5951f1994&amp;l=bfecbb8adf&amp;l=687b6bf5da&amp;width=500&amp;show_text=true&amp;height=691&amp;appId\" width=\"500\" height=\"691\" frameborder=\"0\" scrolling=\"no\"><\/iframe><\/p>\n<p style=\"text-align: justify;\">En la ocasi\u00f3n se reconoci\u00f3 el trabajo, apoyo y ayuda de la directiva del centro general de padres y apoderados en las actividades realizadas por el bienestar de los ni\u00f1os y las ni\u00f1as del jard\u00edn.<\/p>\n<p style=\"text-align: justify;\">La m\u00fasica no pod\u00eda estar ausente en esta emotiva actividad, por ello, Vicente Cid Saavedra deleit\u00f3 a todos los presentes con su presentaci\u00f3n concierto para cuatro cuerdas en viol\u00edn.<\/p>\n<p style=\"text-align: justify;\">Los peque\u00f1itos y peque\u00f1itas egresados del establecimiento culminaron una importante etapa en la educaci\u00f3n inicial y llega el momento en que hay que despedirse, el hermoso viaje que comenzaron junto a sus t\u00edas lleg\u00f3 a su fin. Fue una etapa donde adquirieron valores, conocimientos, aprendizajes y habilidades fundamentales para enfrentar nuevos desaf\u00edos.<\/p>\n<p style=\"text-align: justify;\">Yenny Cuiti\u00f1o O\u00f1ate, Directora Jard\u00edn Infantil\u00a0 \u00abRayo de Luna\u00bb se\u00f1al\u00f3: \u201cLas t\u00edas les deseamos a los ni\u00f1os y ni\u00f1as que sean muy felices y que emprendan esta nueva etapa con ansias y deseos. Se les agradece a las familias por su colaboraci\u00f3n, compromiso y confianza. Y a los ni\u00f1os y ni\u00f1as muchas gracias por todo el amor y cari\u00f1o que nos brindaron, les deseamos mucho \u00e9xito\u201d.<\/p>\n<p style=\"text-align: justify;\">[su_button url=\u00bbhttps:\/\/www.facebook.com\/media\/set\/?set=a.2429052750443083&amp;type=1&amp;l=8401245518&#8243; target=\u00bbblank\u00bb size=\u00bb7&#8243; radius=\u00bbround\u00bb icon=\u00bbicon: facebook-square\u00bb]FOTOGRAF\u00cdAS &#8211; Jard\u00edn Rayo de Luna Realiz\u00f3 Ceremonia de Egreso[\/su_button]<\/p>\n","protected":false},"excerpt":{"rendered":"<p>Yungay, jueves 10 de enero 2019: en el auditorio de la biblioteca p\u00fablica ayer mi\u00e9rcoles 9 de enero durante la jornada de la ma\u00f1ana se realiz\u00f3 la ceremonia de egreso de ni\u00f1os y ni\u00f1as&#46;&#46;&#46;<\/p>\n","protected":false},"author":2,"featured_media":20151,"comment_status":"closed","ping_status":"open","sticky":false,"template":"","format":"standard","meta":{"footnotes":""},"categories":[1493,1],"tags":[1891,698,1115,8,6,117],"class_list":["post-20150","post","type-post","status-publish","format-standard","has-post-thumbnail","hentry","category-educacion","category-noticias","tag-ceremonia-egreso","tag-jardin-rayo-de-luna","tag-noticias","tag-yungay","tag-yungayino","tag-yungayinocl"],"_links":{"self":[{"href":"https:\/\/www.yungayino.cl\/noticias\/index.php?rest_route=\/wp\/v2\/posts\/20150","targetHints":{"allow":["GET"]}}],"collection":[{"href":"https:\/\/www.yungayino.cl\/noticias\/index.php?rest_route=\/wp\/v2\/posts"}],"about":[{"href":"https:\/\/www.yungayino.cl\/noticias\/index.php?rest_route=\/wp\/v2\/types\/post"}],"author":[{"embeddable":true,"href":"https:\/\/www.yungayino.cl\/noticias\/index.php?rest_route=\/wp\/v2\/users\/2"}],"replies":[{"embeddable":true,"href":"https:\/\/www.yungayino.cl\/noticias\/index.php?rest_route=%2Fwp%2Fv2%2Fcomments&post=20150"}],"version-history":[{"count":3,"href":"https:\/\/www.yungayino.cl\/noticias\/index.php?rest_route=\/wp\/v2\/posts\/20150\/revisions"}],"predecessor-version":[{"id":20154,"href":"https:\/\/www.yungayino.cl\/noticias\/index.php?rest_route=\/wp\/v2\/posts\/20150\/revisions\/20154"}],"wp:featuredmedia":[{"embeddable":true,"href":"https:\/\/www.yungayino.cl\/noticias\/index.php?rest_route=\/wp\/v2\/media\/20151"}],"wp:attachment":[{"href":"https:\/\/www.yungayino.cl\/noticias\/index.php?rest_route=%2Fwp%2Fv2%2Fmedia&parent=20150"}],"wp:term":[{"taxonomy":"category","embeddable":true,"href":"https:\/\/www.yungayino.cl\/noticias\/index.php?rest_route=%2Fwp%2Fv2%2Fcategories&post=20150"},{"taxonomy":"post_tag","embeddable":true,"href":"https:\/\/www.yungayino.cl\/noticias\/index.php?rest_route=%2Fwp%2Fv2%2Ftags&post=20150"}],"curies":[{"name":"wp","href":"https:\/\/api.w.org\/{rel}","templated":true}]}}