{"id":20156,"date":"2019-01-12T18:00:49","date_gmt":"2019-01-12T21:00:49","guid":{"rendered":"http:\/\/www.yungayino.cl\/noticias\/?p=20156"},"modified":"2019-01-12T20:08:30","modified_gmt":"2019-01-12T23:08:30","slug":"emotiva-ceremonia-de-ascensos-de-carabineros-de-la-cuarta-comisaria-de-yungay","status":"publish","type":"post","link":"https:\/\/www.yungayino.cl\/noticias\/?p=20156","title":{"rendered":"Emotiva Ceremonia de Ascensos de Carabineros de la Cuarta Comisar\u00eda de Yungay"},"content":{"rendered":"<p><img loading=\"lazy\" decoding=\"async\" class=\"alignnone size-full wp-image-20157\" src=\"http:\/\/www.yungayino.cl\/noticias\/wp-content\/uploads\/2019\/01\/carabineros_ascenso_201901.jpg\" alt=\"\" width=\"700\" height=\"329\" srcset=\"https:\/\/www.yungayino.cl\/noticias\/wp-content\/uploads\/2019\/01\/carabineros_ascenso_201901.jpg 700w, https:\/\/www.yungayino.cl\/noticias\/wp-content\/uploads\/2019\/01\/carabineros_ascenso_201901-300x141.jpg 300w, https:\/\/www.yungayino.cl\/noticias\/wp-content\/uploads\/2019\/01\/carabineros_ascenso_201901-319x150.jpg 319w, https:\/\/www.yungayino.cl\/noticias\/wp-content\/uploads\/2019\/01\/carabineros_ascenso_201901-520x245.jpg 520w\" sizes=\"auto, (max-width: 700px) 100vw, 700px\" \/><\/p>\n<p style=\"text-align: justify;\">Yungay, viernes 11 de enero 2019: En las dependencias de la Biblioteca P\u00fablica se llev\u00f3 a cabo una emotiva y significativa ceremonia de ascensos a nueve Carabineros (a), qui\u00e9nes en m\u00e9rito de sus cualidades profesionales y personales fueron distinguido por el mando institucional para ostentar a un mayor grado.<\/p>\n<p style=\"text-align: justify;\"><iframe loading=\"lazy\" style=\"border: none; overflow: hidden;\" src=\"https:\/\/www.facebook.com\/plugins\/post.php?href=https:\/\/www.facebook.com\/media\/set\/?set=a.2432423700105988&amp;type=1&amp;l=d136f78f27&amp;l=a77e327dc6&amp;l=f5951f1994&amp;l=bfecbb8adf&amp;l=687b6bf5da&amp;width=500&amp;show_text=true&amp;height=691&amp;appId\" width=\"500\" height=\"691\" frameborder=\"0\" scrolling=\"no\"><\/iframe><\/p>\n<p style=\"text-align: justify;\">El Suboficial Mayor Sr. Juan Carlos Espinoza inicio la ceremonia, procediendo a invitar al Teniente Sr. Juan Fredes para que rindiera los honores de reglamento al Comisario de la Cuarta Comisar\u00eda de Yungay el Mayor Sr. Rodrigo D\u00edaz Albornoz.<\/p>\n<p style=\"text-align: justify;\">Los nueves Carabineros (a) que fueron condecorados y ascendidos fueron investidos con su nuevo grado recibiendo sobre sus hombros los nuevos s\u00edmbolos, junto a la compa\u00f1\u00eda de sus familiares.<\/p>\n<p style=\"text-align: justify;\">Por su parte el Mayor Sr. Rodrigo D\u00edaz Albornoz, al dirigirse a los presentes resalt\u00f3 la importancia de la ceremonia de ascenso. Este es un acto que da cuenta de las tradiciones de la instituci\u00f3n y el reconocimiento que ella y sus pares le dan a sus compa\u00f1eros de armas quienes hoy est\u00e1n cumpliendo con una meta que es lograr un ascenso que obviamente les entrega m\u00e1s obligaciones, responsabilidades y compromisos, tambi\u00e9n destac\u00f3 y agradeci\u00f3 el apoyo de todas las familias\u00a0 presentes por entregar a estos Carabineros a la instituci\u00f3n, donde ejercen una profesi\u00f3n de vocaci\u00f3n en bien de la comunidad, tambi\u00e9n destac\u00f3 que son muy buenos Carabineros, adem\u00e1s de buenas personas.<\/p>\n<p style=\"text-align: justify;\">La ceremonia termin\u00f3 con la interpretaci\u00f3n del himno institucional, el cual fue coreado por todos los presentes, para luego dirigirse a las dependencias de la cuarta comisar\u00eda en compa\u00f1\u00eda de sus familiares para disfrutar de un c\u00f3ctel.<\/p>\n<p style=\"text-align: justify;\">[su_button url=\u00bbhttps:\/\/www.facebook.com\/media\/set\/?set=a.2432423700105988&amp;type=1&amp;l=d136f78f27&#8243; target=\u00bbblank\u00bb size=\u00bb7&#8243; radius=\u00bbround\u00bb icon=\u00bbicon: facebook-square\u00bb]FOTOGRAF\u00cdAS &#8211; Emotiva Ceremonia de Ascensos de Carabineros de la Cuarta Comisar\u00eda de Yungay[\/su_button]<\/p>\n","protected":false},"excerpt":{"rendered":"<p>Yungay, viernes 11 de enero 2019: En las dependencias de la Biblioteca P\u00fablica se llev\u00f3 a cabo una emotiva y significativa ceremonia de ascensos a nueve Carabineros (a), qui\u00e9nes en m\u00e9rito de sus cualidades&#46;&#46;&#46;<\/p>\n","protected":false},"author":2,"featured_media":20157,"comment_status":"closed","ping_status":"open","sticky":false,"template":"","format":"standard","meta":{"footnotes":""},"categories":[1],"tags":[1293,25,1115,8,6,117],"class_list":["post-20156","post","type-post","status-publish","format-standard","has-post-thumbnail","hentry","category-noticias","tag-ascenso","tag-carabineros","tag-noticias","tag-yungay","tag-yungayino","tag-yungayinocl"],"_links":{"self":[{"href":"https:\/\/www.yungayino.cl\/noticias\/index.php?rest_route=\/wp\/v2\/posts\/20156","targetHints":{"allow":["GET"]}}],"collection":[{"href":"https:\/\/www.yungayino.cl\/noticias\/index.php?rest_route=\/wp\/v2\/posts"}],"about":[{"href":"https:\/\/www.yungayino.cl\/noticias\/index.php?rest_route=\/wp\/v2\/types\/post"}],"author":[{"embeddable":true,"href":"https:\/\/www.yungayino.cl\/noticias\/index.php?rest_route=\/wp\/v2\/users\/2"}],"replies":[{"embeddable":true,"href":"https:\/\/www.yungayino.cl\/noticias\/index.php?rest_route=%2Fwp%2Fv2%2Fcomments&post=20156"}],"version-history":[{"count":1,"href":"https:\/\/www.yungayino.cl\/noticias\/index.php?rest_route=\/wp\/v2\/posts\/20156\/revisions"}],"predecessor-version":[{"id":20158,"href":"https:\/\/www.yungayino.cl\/noticias\/index.php?rest_route=\/wp\/v2\/posts\/20156\/revisions\/20158"}],"wp:featuredmedia":[{"embeddable":true,"href":"https:\/\/www.yungayino.cl\/noticias\/index.php?rest_route=\/wp\/v2\/media\/20157"}],"wp:attachment":[{"href":"https:\/\/www.yungayino.cl\/noticias\/index.php?rest_route=%2Fwp%2Fv2%2Fmedia&parent=20156"}],"wp:term":[{"taxonomy":"category","embeddable":true,"href":"https:\/\/www.yungayino.cl\/noticias\/index.php?rest_route=%2Fwp%2Fv2%2Fcategories&post=20156"},{"taxonomy":"post_tag","embeddable":true,"href":"https:\/\/www.yungayino.cl\/noticias\/index.php?rest_route=%2Fwp%2Fv2%2Ftags&post=20156"}],"curies":[{"name":"wp","href":"https:\/\/api.w.org\/{rel}","templated":true}]}}