{"id":20205,"date":"2019-01-21T23:00:33","date_gmt":"2019-01-22T02:00:33","guid":{"rendered":"http:\/\/www.yungayino.cl\/noticias\/?p=20205"},"modified":"2019-01-22T00:30:24","modified_gmt":"2019-01-22T03:30:24","slug":"primer-encuentro-confedech-nuble-se-realizo-en-chillan","status":"publish","type":"post","link":"https:\/\/www.yungayino.cl\/noticias\/?p=20205","title":{"rendered":"Primer Encuentro CONFEDECH \u00d1uble se Realiz\u00f3 en Chill\u00e1n"},"content":{"rendered":"<p><img loading=\"lazy\" decoding=\"async\" class=\"alignnone size-full wp-image-20206\" src=\"http:\/\/www.yungayino.cl\/noticias\/wp-content\/uploads\/2019\/01\/confedech_\u00f1uble.jpg\" alt=\"\" width=\"700\" height=\"350\" srcset=\"https:\/\/www.yungayino.cl\/noticias\/wp-content\/uploads\/2019\/01\/confedech_\u00f1uble.jpg 700w, https:\/\/www.yungayino.cl\/noticias\/wp-content\/uploads\/2019\/01\/confedech_\u00f1uble-300x150.jpg 300w\" sizes=\"auto, (max-width: 700px) 100vw, 700px\" \/><\/p>\n<p style=\"text-align: justify;\">Chill\u00e1n, lunes 21 de enero 2019: hoy desde las 10:00 horas en la Municipalidad de Chill\u00e1n Viejo se llev\u00f3 a cabo el primer encuentro CONFEDECH \u00d1uble.<\/p>\n<p style=\"text-align: justify;\"><iframe loading=\"lazy\" style=\"border: none; overflow: hidden;\" src=\"https:\/\/www.facebook.com\/plugins\/post.php?href=https:\/\/www.facebook.com\/media\/set\/?set=a.2446719052009786&amp;type=1&amp;l=f2647f60ba&amp;l=a77e327dc6&amp;l=f5951f1994&amp;l=bfecbb8adf&amp;l=687b6bf5da&amp;width=500&amp;show_text=true&amp;height=691&amp;appId\" width=\"500\" height=\"691\" frameborder=\"0\" scrolling=\"no\"><\/iframe><\/p>\n<p style=\"text-align: justify;\">Fueron invitadas las 21 comunas de la regi\u00f3n de \u00d1uble, tambi\u00e9n Presidentes de las c\u00e1maras de comercio y turismo, Encargados de Fomento productivo, Representante de la red de turismo de Yungay, red de turismo Santa Lucia Bajo y Fomento productivo de la Municipalidad de Yungay.<\/p>\n<p style=\"text-align: justify;\">Mar\u00eda Luisa Fuentes Avenda\u00f1o, presidenta de la c\u00e1mara de comercio de Chill\u00e1n Viejo, adem\u00e1s de Directora Nacional de la confederaci\u00f3n del comercio detallista y turismo de chile, tambi\u00e9n presidenta de la nueva federaci\u00f3n del comercio y turismo de la regi\u00f3n de \u00d1uble , se\u00f1al\u00f3 que esta Convocatoria de la federaci\u00f3n regional del comercio detallista y turismo de la regi\u00f3n de \u00d1uble se realiz\u00f3 por la necesidad que existe de fortalecer, fomentar, capacitar y llevar las problem\u00e1ticas del comercio y turismo de la regi\u00f3n a las autoridades nacionales para poder desarrollarnos como regi\u00f3n de \u00d1uble.<\/p>\n<p style=\"text-align: justify;\">[su_button url=\u00bbhttps:\/\/www.facebook.com\/media\/set\/?set=a.2446719052009786&amp;type=1&amp;l=f2647f60ba\u00bb target=\u00bbblank\u00bb size=\u00bb7&#8243; radius=\u00bbround\u00bb icon=\u00bbicon: facebook-square\u00bb]FOTOGRAF\u00cdAS &#8211; Primer Encuentro CONFEDECH \u00d1uble se Realiz\u00f3 en Chill\u00e1n[\/su_button]<\/p>\n","protected":false},"excerpt":{"rendered":"<p>Chill\u00e1n, lunes 21 de enero 2019: hoy desde las 10:00 horas en la Municipalidad de Chill\u00e1n Viejo se llev\u00f3 a cabo el primer encuentro CONFEDECH \u00d1uble. Fueron invitadas las 21 comunas de la regi\u00f3n&#46;&#46;&#46;<\/p>\n","protected":false},"author":2,"featured_media":20206,"comment_status":"closed","ping_status":"open","sticky":false,"template":"","format":"standard","meta":{"footnotes":""},"categories":[3,1,32,15],"tags":[728,1903,1115,1678,1119,8,6,117],"class_list":["post-20205","post","type-post","status-publish","format-standard","has-post-thumbnail","hentry","category-actualidad","category-noticias","category-servicios","category-turismo","tag-chillan","tag-confedech","tag-noticias","tag-nuble","tag-turismo","tag-yungay","tag-yungayino","tag-yungayinocl"],"_links":{"self":[{"href":"https:\/\/www.yungayino.cl\/noticias\/index.php?rest_route=\/wp\/v2\/posts\/20205","targetHints":{"allow":["GET"]}}],"collection":[{"href":"https:\/\/www.yungayino.cl\/noticias\/index.php?rest_route=\/wp\/v2\/posts"}],"about":[{"href":"https:\/\/www.yungayino.cl\/noticias\/index.php?rest_route=\/wp\/v2\/types\/post"}],"author":[{"embeddable":true,"href":"https:\/\/www.yungayino.cl\/noticias\/index.php?rest_route=\/wp\/v2\/users\/2"}],"replies":[{"embeddable":true,"href":"https:\/\/www.yungayino.cl\/noticias\/index.php?rest_route=%2Fwp%2Fv2%2Fcomments&post=20205"}],"version-history":[{"count":1,"href":"https:\/\/www.yungayino.cl\/noticias\/index.php?rest_route=\/wp\/v2\/posts\/20205\/revisions"}],"predecessor-version":[{"id":20207,"href":"https:\/\/www.yungayino.cl\/noticias\/index.php?rest_route=\/wp\/v2\/posts\/20205\/revisions\/20207"}],"wp:featuredmedia":[{"embeddable":true,"href":"https:\/\/www.yungayino.cl\/noticias\/index.php?rest_route=\/wp\/v2\/media\/20206"}],"wp:attachment":[{"href":"https:\/\/www.yungayino.cl\/noticias\/index.php?rest_route=%2Fwp%2Fv2%2Fmedia&parent=20205"}],"wp:term":[{"taxonomy":"category","embeddable":true,"href":"https:\/\/www.yungayino.cl\/noticias\/index.php?rest_route=%2Fwp%2Fv2%2Fcategories&post=20205"},{"taxonomy":"post_tag","embeddable":true,"href":"https:\/\/www.yungayino.cl\/noticias\/index.php?rest_route=%2Fwp%2Fv2%2Ftags&post=20205"}],"curies":[{"name":"wp","href":"https:\/\/api.w.org\/{rel}","templated":true}]}}