{"id":20212,"date":"2019-01-21T23:30:45","date_gmt":"2019-01-22T02:30:45","guid":{"rendered":"http:\/\/www.yungayino.cl\/noticias\/?p=20212"},"modified":"2019-01-22T16:28:05","modified_gmt":"2019-01-22T19:28:05","slug":"rodeo-en-semana-yungayina-2019","status":"publish","type":"post","link":"https:\/\/www.yungayino.cl\/noticias\/?p=20212","title":{"rendered":"Rodeo en Semana Yungayina 2019"},"content":{"rendered":"<p><img loading=\"lazy\" decoding=\"async\" class=\"alignnone size-full wp-image-20214\" src=\"http:\/\/www.yungayino.cl\/noticias\/wp-content\/uploads\/2019\/01\/rodeo_201901.jpg\" alt=\"\" width=\"700\" height=\"350\" srcset=\"https:\/\/www.yungayino.cl\/noticias\/wp-content\/uploads\/2019\/01\/rodeo_201901.jpg 700w, https:\/\/www.yungayino.cl\/noticias\/wp-content\/uploads\/2019\/01\/rodeo_201901-300x150.jpg 300w\" sizes=\"auto, (max-width: 700px) 100vw, 700px\" \/><\/p>\n<p style=\"text-align: justify;\">Yungay, lunes 21 de enero 2019: dentro del programa de actividades del aniversario N\u00b0177 de Yungay, se desarroll\u00f3 el d\u00eda s\u00e1bado 19 y domingo 20 el Rodeo en la Medialuna de Yungay, desde las 10:00 horas.<\/p>\n<p style=\"text-align: justify;\">El Club de Huasos de Yungay organiz\u00f3 esta actividad donde la reina del Rodeo fue la se\u00f1orita Javiera Cid. En la ocasi\u00f3n el jurado fue Jos\u00e9 Henr\u00edquez de la Asociaci\u00f3n Pirque de Paine. El Delegado fue Bernardo Devia y el Secretario fue Camilo Barra.<\/p>\n<p style=\"text-align: justify;\"><iframe loading=\"lazy\" style=\"border: none; overflow: hidden;\" src=\"https:\/\/www.facebook.com\/plugins\/post.php?href=https:\/\/www.facebook.com\/media\/set\/?set=a.2447686058579752&amp;type=1&amp;l=0f28d3a041&amp;l=a77e327dc6&amp;l=f5951f1994&amp;l=bfecbb8adf&amp;l=687b6bf5da&amp;width=500&amp;show_text=true&amp;height=691&amp;appId\" width=\"500\" height=\"691\" frameborder=\"0\" scrolling=\"no\"><\/iframe><\/p>\n<p style=\"text-align: justify;\"><strong><u>Primer Lugar<\/u><\/strong>:<\/p>\n<p style=\"text-align: justify;\">Andr\u00e9s Maureira en Copihuito<\/p>\n<p style=\"text-align: justify;\">Marcelo Melgarejo en Barquillo<\/p>\n<p style=\"text-align: justify;\"><strong><u>Segundo Lugar<\/u><\/strong>:<\/p>\n<p style=\"text-align: justify;\">Adolfo Alarc\u00f3n en Vaquero<\/p>\n<p style=\"text-align: justify;\">Jaime Alarc\u00f3n en Voy Llegando<\/p>\n<p style=\"text-align: justify;\"><strong><u>Tercer Lugar<\/u><\/strong>:<\/p>\n<p style=\"text-align: justify;\">Javier Vidal en Agua Arriba<\/p>\n<p style=\"text-align: justify;\">N\u00e9stor Lester en Rota Chora<\/p>\n<p style=\"text-align: justify;\">[su_button url=\u00bbhttps:\/\/www.facebook.com\/media\/set\/?set=a.2447686058579752&amp;type=1&amp;l=0f28d3a041&#8243; target=\u00bbblank\u00bb size=\u00bb7&#8243; radius=\u00bbround\u00bb icon=\u00bbicon: facebook-square\u00bb]FOTOGRAF\u00cdAS &#8211; Rodeo en Semana Yungayina 2019[\/su_button]<\/p>\n","protected":false},"excerpt":{"rendered":"<p>Yungay, lunes 21 de enero 2019: dentro del programa de actividades del aniversario N\u00b0177 de Yungay, se desarroll\u00f3 el d\u00eda s\u00e1bado 19 y domingo 20 el Rodeo en la Medialuna de Yungay, desde las&#46;&#46;&#46;<\/p>\n","protected":false},"author":2,"featured_media":20214,"comment_status":"closed","ping_status":"open","sticky":false,"template":"","format":"standard","meta":{"footnotes":""},"categories":[1],"tags":[1115,33,1899,8,6,1904],"class_list":["post-20212","post","type-post","status-publish","format-standard","has-post-thumbnail","hentry","category-noticias","tag-noticias","tag-rodeo","tag-semana-yungayina-2019","tag-yungay","tag-yungayino","tag-yungayino9-cl"],"_links":{"self":[{"href":"https:\/\/www.yungayino.cl\/noticias\/index.php?rest_route=\/wp\/v2\/posts\/20212","targetHints":{"allow":["GET"]}}],"collection":[{"href":"https:\/\/www.yungayino.cl\/noticias\/index.php?rest_route=\/wp\/v2\/posts"}],"about":[{"href":"https:\/\/www.yungayino.cl\/noticias\/index.php?rest_route=\/wp\/v2\/types\/post"}],"author":[{"embeddable":true,"href":"https:\/\/www.yungayino.cl\/noticias\/index.php?rest_route=\/wp\/v2\/users\/2"}],"replies":[{"embeddable":true,"href":"https:\/\/www.yungayino.cl\/noticias\/index.php?rest_route=%2Fwp%2Fv2%2Fcomments&post=20212"}],"version-history":[{"count":2,"href":"https:\/\/www.yungayino.cl\/noticias\/index.php?rest_route=\/wp\/v2\/posts\/20212\/revisions"}],"predecessor-version":[{"id":20215,"href":"https:\/\/www.yungayino.cl\/noticias\/index.php?rest_route=\/wp\/v2\/posts\/20212\/revisions\/20215"}],"wp:featuredmedia":[{"embeddable":true,"href":"https:\/\/www.yungayino.cl\/noticias\/index.php?rest_route=\/wp\/v2\/media\/20214"}],"wp:attachment":[{"href":"https:\/\/www.yungayino.cl\/noticias\/index.php?rest_route=%2Fwp%2Fv2%2Fmedia&parent=20212"}],"wp:term":[{"taxonomy":"category","embeddable":true,"href":"https:\/\/www.yungayino.cl\/noticias\/index.php?rest_route=%2Fwp%2Fv2%2Fcategories&post=20212"},{"taxonomy":"post_tag","embeddable":true,"href":"https:\/\/www.yungayino.cl\/noticias\/index.php?rest_route=%2Fwp%2Fv2%2Ftags&post=20212"}],"curies":[{"name":"wp","href":"https:\/\/api.w.org\/{rel}","templated":true}]}}