{"id":20222,"date":"2019-01-23T13:00:32","date_gmt":"2019-01-23T16:00:32","guid":{"rendered":"http:\/\/www.yungayino.cl\/noticias\/?p=20222"},"modified":"2019-01-23T14:57:39","modified_gmt":"2019-01-23T17:57:39","slug":"con-gran-marco-de-publico-se-inicio-semana-yungayina-2019-en-campanario","status":"publish","type":"post","link":"https:\/\/www.yungayino.cl\/noticias\/?p=20222","title":{"rendered":"Con Gran Marco de P\u00fablico se Inici\u00f3 Semana Yungayina 2019  en Campanario"},"content":{"rendered":"<p><img loading=\"lazy\" decoding=\"async\" class=\"alignnone size-full wp-image-20223\" src=\"http:\/\/www.yungayino.cl\/noticias\/wp-content\/uploads\/2019\/01\/22_enero_2019.jpg\" alt=\"\" width=\"700\" height=\"700\" srcset=\"https:\/\/www.yungayino.cl\/noticias\/wp-content\/uploads\/2019\/01\/22_enero_2019.jpg 700w, https:\/\/www.yungayino.cl\/noticias\/wp-content\/uploads\/2019\/01\/22_enero_2019-150x150.jpg 150w, https:\/\/www.yungayino.cl\/noticias\/wp-content\/uploads\/2019\/01\/22_enero_2019-300x300.jpg 300w, https:\/\/www.yungayino.cl\/noticias\/wp-content\/uploads\/2019\/01\/22_enero_2019-160x160.jpg 160w, https:\/\/www.yungayino.cl\/noticias\/wp-content\/uploads\/2019\/01\/22_enero_2019-320x320.jpg 320w\" sizes=\"auto, (max-width: 700px) 100vw, 700px\" \/><\/p>\n<p style=\"text-align: justify;\">Campanario, martes 22 de enero 2019: Multitudinaria asistencia en el Estadio El Morro de Campanario para dar inicio a los show de la Semana Yungayina 2019, la cual cont\u00f3 con la animaci\u00f3n de Bryan San Mart\u00edn Arias.<\/p>\n<p style=\"text-align: justify;\"><iframe loading=\"lazy\" style=\"border: none; overflow: hidden;\" src=\"https:\/\/www.facebook.com\/plugins\/post.php?href=https:\/\/www.facebook.com\/media\/set\/?set=a.2449143325100692&amp;type=1&amp;l=88ed6836d7&amp;l=a77e327dc6&amp;l=f5951f1994&amp;l=bfecbb8adf&amp;l=687b6bf5da&amp;width=500&amp;show_text=true&amp;height=691&amp;appId\" width=\"500\" height=\"691\" frameborder=\"0\" scrolling=\"no\"><\/iframe><\/p>\n<p style=\"text-align: justify;\"><strong>Los Felinos de Yungay<\/strong>:<\/p>\n<p style=\"text-align: justify;\">Grupo Musical del g\u00e9nero tropical ranchero, que han consolidado una carrera art\u00edstica, dentro y fuera de la comuna. M\u00fasicos Yungayinos que fueron los encargados de iniciar el show en Campanario, integrado por Bernardo (Huiro, animaciones y segunda voz), Luis (Bater\u00eda electr\u00f3nica), Juan Carlos (Timbales), Jaime (Primera voz), Cristian (Teclados y coros).<\/p>\n<p style=\"text-align: justify;\"><strong>Atletas de la Risa<\/strong>:<\/p>\n<p style=\"text-align: justify;\">Tr\u00edo humor\u00edstico chileno compuesto por Patricio Mej\u00edas (El Pato) Roberto Sald\u00edas (El Chino) y Juan Carlos Donoso (El Guat\u00f3n), hicieron re\u00edr a carcajadas a la gran cantidad de p\u00fablico con sus chistes de doble sentido.<\/p>\n<p style=\"text-align: justify;\"><strong>SantaFeria:<\/strong><\/p>\n<p style=\"text-align: justify;\">La nueva cumbia chilena se hizo presente cuando salieron al escenario ante un p\u00fablico euf\u00f3rico que los esperaba coreando y bailando sus canciones \u00a0de letras cotidianas y rom\u00e1nticas que reflejan al ciudadano com\u00fan que le encanta la cumbia tropical con brochazos de rock, punk, m\u00fasica andina y cumbia villera, fue as\u00ed que grandes y peque\u00f1os disfrutaron de un muy buen espect\u00e1culo.<\/p>\n<p style=\"text-align: justify;\">[su_button url=\u00bbhttps:\/\/www.facebook.com\/media\/set\/?set=a.2449143325100692&amp;type=1&amp;l=88ed6836d7&#8243; target=\u00bbblank\u00bb size=\u00bb7&#8243; radius=\u00bbround\u00bb icon=\u00bbicon: facebook-square\u00bb]FOTOGRAF\u00cdAS &#8211; Con Gran Marco de P\u00fablico se Inici\u00f3 Semana Yungayina 2019\u00a0 en Campanario[\/su_button]<\/p>\n","protected":false},"excerpt":{"rendered":"<p>Campanario, martes 22 de enero 2019: Multitudinaria asistencia en el Estadio El Morro de Campanario para dar inicio a los show de la Semana Yungayina 2019, la cual cont\u00f3 con la animaci\u00f3n de Bryan&#46;&#46;&#46;<\/p>\n","protected":false},"author":2,"featured_media":20223,"comment_status":"closed","ping_status":"open","sticky":false,"template":"","format":"standard","meta":{"footnotes":""},"categories":[5,1],"tags":[1907,31,1274,1115,1888,1899,8,6,117],"class_list":["post-20222","post","type-post","status-publish","format-standard","has-post-thumbnail","hentry","category-eventos","category-noticias","tag-atletas-de-la-risa","tag-campanario","tag-los-felinos","tag-noticias","tag-santa-feria","tag-semana-yungayina-2019","tag-yungay","tag-yungayino","tag-yungayinocl"],"_links":{"self":[{"href":"https:\/\/www.yungayino.cl\/noticias\/index.php?rest_route=\/wp\/v2\/posts\/20222","targetHints":{"allow":["GET"]}}],"collection":[{"href":"https:\/\/www.yungayino.cl\/noticias\/index.php?rest_route=\/wp\/v2\/posts"}],"about":[{"href":"https:\/\/www.yungayino.cl\/noticias\/index.php?rest_route=\/wp\/v2\/types\/post"}],"author":[{"embeddable":true,"href":"https:\/\/www.yungayino.cl\/noticias\/index.php?rest_route=\/wp\/v2\/users\/2"}],"replies":[{"embeddable":true,"href":"https:\/\/www.yungayino.cl\/noticias\/index.php?rest_route=%2Fwp%2Fv2%2Fcomments&post=20222"}],"version-history":[{"count":2,"href":"https:\/\/www.yungayino.cl\/noticias\/index.php?rest_route=\/wp\/v2\/posts\/20222\/revisions"}],"predecessor-version":[{"id":20225,"href":"https:\/\/www.yungayino.cl\/noticias\/index.php?rest_route=\/wp\/v2\/posts\/20222\/revisions\/20225"}],"wp:featuredmedia":[{"embeddable":true,"href":"https:\/\/www.yungayino.cl\/noticias\/index.php?rest_route=\/wp\/v2\/media\/20223"}],"wp:attachment":[{"href":"https:\/\/www.yungayino.cl\/noticias\/index.php?rest_route=%2Fwp%2Fv2%2Fmedia&parent=20222"}],"wp:term":[{"taxonomy":"category","embeddable":true,"href":"https:\/\/www.yungayino.cl\/noticias\/index.php?rest_route=%2Fwp%2Fv2%2Fcategories&post=20222"},{"taxonomy":"post_tag","embeddable":true,"href":"https:\/\/www.yungayino.cl\/noticias\/index.php?rest_route=%2Fwp%2Fv2%2Ftags&post=20222"}],"curies":[{"name":"wp","href":"https:\/\/api.w.org\/{rel}","templated":true}]}}