{"id":20235,"date":"2019-01-24T15:00:42","date_gmt":"2019-01-24T18:00:42","guid":{"rendered":"http:\/\/www.yungayino.cl\/noticias\/?p=20235"},"modified":"2019-01-24T16:33:56","modified_gmt":"2019-01-24T19:33:56","slug":"con-los-vasquez-y-luis-san-martin-continuo-show-de-la-semana-yungayina-2019","status":"publish","type":"post","link":"https:\/\/www.yungayino.cl\/noticias\/?p=20235","title":{"rendered":"Con \u201cLos V\u00e1squez\u201d y \u201cLuis San Mart\u00edn\u201d Continu\u00f3 Show de la Semana Yungayina 2019"},"content":{"rendered":"<p><img loading=\"lazy\" decoding=\"async\" class=\"alignnone size-full wp-image-20236\" src=\"http:\/\/www.yungayino.cl\/noticias\/wp-content\/uploads\/2019\/01\/23_enero_2019.jpg\" alt=\"\" width=\"700\" height=\"631\" srcset=\"https:\/\/www.yungayino.cl\/noticias\/wp-content\/uploads\/2019\/01\/23_enero_2019.jpg 700w, https:\/\/www.yungayino.cl\/noticias\/wp-content\/uploads\/2019\/01\/23_enero_2019-300x270.jpg 300w, https:\/\/www.yungayino.cl\/noticias\/wp-content\/uploads\/2019\/01\/23_enero_2019-166x150.jpg 166w\" sizes=\"auto, (max-width: 700px) 100vw, 700px\" \/><\/p>\n<p style=\"text-align: justify;\">Yungay, jueves 24 de enero 2019: Con gran marco de p\u00fablico se llev\u00f3 a cabo el d\u00eda de ayer la segunda jornada de show de la Semana Yungayina 2019 en el Balneario Trilaleo, la cual cont\u00f3 con la animaci\u00f3n del Yungayino, Bryan San Mart\u00edn.<\/p>\n<p style=\"text-align: justify;\"><iframe loading=\"lazy\" style=\"border: none; overflow: hidden;\" src=\"https:\/\/www.facebook.com\/plugins\/post.php?href=https:\/\/www.facebook.com\/media\/set\/?set=a.2450749551606736&amp;type=1&amp;l=d39467dcda&amp;l=a77e327dc6&amp;l=f5951f1994&amp;l=bfecbb8adf&amp;l=687b6bf5da&amp;width=500&amp;show_text=true&amp;height=691&amp;appId\" width=\"500\" height=\"691\" frameborder=\"0\" scrolling=\"no\"><\/iframe><\/p>\n<p style=\"text-align: justify;\"><strong><u>Luis San Mart\u00edn<\/u><\/strong>:<\/p>\n<p style=\"text-align: justify;\">El show lo inici\u00f3 el talentoso yungayino, Luis San Mart\u00edn qui\u00e9n vestido elegantemente de \u201ccharro\u201d hizo bailar al p\u00fablico presente con su m\u00fasica mexicana, baladas y tambi\u00e9n temas rom\u00e1nticos.<\/p>\n<p style=\"text-align: justify;\"><strong><u>Los V\u00e1squez<\/u><\/strong>:<\/p>\n<p style=\"text-align: justify;\">Sin lugar a dudas, \u00cdtalo y Enzo el d\u00fao <strong>\u201cLos V\u00e1squez\u201d<\/strong>, cuando salieron al escenario del Trilaleo desataron el delirio de sus fans tanto de grandes como peque\u00f1os, quienes comenzaron a mover sus pancartas y corear euf\u00f3ricamente sus temas. Los m\u00fasicos realizaron una presentaci\u00f3n impecable realizando un repaso completo por su repertorio del pop cebolla con temas de sus inicios y nuevos.<\/p>\n<p style=\"text-align: justify;\">Finalmente recordar que para hoy jueves 24 de enero a partir de las 22:00 horas en el Balneario Trilaleo se presentar\u00e1n la Banda Yungayina \u201cPastizal\u201d y luego \u201cIllapu\u201d.<\/p>\n<p style=\"text-align: justify;\">[su_button url=\u00bbhttps:\/\/www.facebook.com\/media\/set\/?set=a.2450749551606736&amp;type=1&amp;l=d39467dcda\u00bb target=\u00bbblank\u00bb size=\u00bb7&#8243; radius=\u00bbround\u00bb icon=\u00bbicon: facebook-square\u00bb]FOTOGRAF\u00cdAS \u2013 Con \u201cLos V\u00e1squez\u201d y \u201cLuis San Mart\u00edn\u201d Continu\u00f3 Show de la Semana Yungayina 2019[\/su_button]<\/p>\n","protected":false},"excerpt":{"rendered":"<p>Yungay, jueves 24 de enero 2019: Con gran marco de p\u00fablico se llev\u00f3 a cabo el d\u00eda de ayer la segunda jornada de show de la Semana Yungayina 2019 en el Balneario Trilaleo, la&#46;&#46;&#46;<\/p>\n","protected":false},"author":2,"featured_media":20236,"comment_status":"closed","ping_status":"open","sticky":false,"template":"","format":"standard","meta":{"footnotes":""},"categories":[5,1],"tags":[309,1498,1115,1899,8,6,117],"class_list":["post-20235","post","type-post","status-publish","format-standard","has-post-thumbnail","hentry","category-eventos","category-noticias","tag-los-vasquez","tag-luis-san-martin","tag-noticias","tag-semana-yungayina-2019","tag-yungay","tag-yungayino","tag-yungayinocl"],"_links":{"self":[{"href":"https:\/\/www.yungayino.cl\/noticias\/index.php?rest_route=\/wp\/v2\/posts\/20235","targetHints":{"allow":["GET"]}}],"collection":[{"href":"https:\/\/www.yungayino.cl\/noticias\/index.php?rest_route=\/wp\/v2\/posts"}],"about":[{"href":"https:\/\/www.yungayino.cl\/noticias\/index.php?rest_route=\/wp\/v2\/types\/post"}],"author":[{"embeddable":true,"href":"https:\/\/www.yungayino.cl\/noticias\/index.php?rest_route=\/wp\/v2\/users\/2"}],"replies":[{"embeddable":true,"href":"https:\/\/www.yungayino.cl\/noticias\/index.php?rest_route=%2Fwp%2Fv2%2Fcomments&post=20235"}],"version-history":[{"count":3,"href":"https:\/\/www.yungayino.cl\/noticias\/index.php?rest_route=\/wp\/v2\/posts\/20235\/revisions"}],"predecessor-version":[{"id":20239,"href":"https:\/\/www.yungayino.cl\/noticias\/index.php?rest_route=\/wp\/v2\/posts\/20235\/revisions\/20239"}],"wp:featuredmedia":[{"embeddable":true,"href":"https:\/\/www.yungayino.cl\/noticias\/index.php?rest_route=\/wp\/v2\/media\/20236"}],"wp:attachment":[{"href":"https:\/\/www.yungayino.cl\/noticias\/index.php?rest_route=%2Fwp%2Fv2%2Fmedia&parent=20235"}],"wp:term":[{"taxonomy":"category","embeddable":true,"href":"https:\/\/www.yungayino.cl\/noticias\/index.php?rest_route=%2Fwp%2Fv2%2Fcategories&post=20235"},{"taxonomy":"post_tag","embeddable":true,"href":"https:\/\/www.yungayino.cl\/noticias\/index.php?rest_route=%2Fwp%2Fv2%2Ftags&post=20235"}],"curies":[{"name":"wp","href":"https:\/\/api.w.org\/{rel}","templated":true}]}}