{"id":20246,"date":"2019-01-26T17:00:01","date_gmt":"2019-01-26T20:00:01","guid":{"rendered":"http:\/\/www.yungayino.cl\/noticias\/?p=20246"},"modified":"2019-01-26T18:34:10","modified_gmt":"2019-01-26T21:34:10","slug":"los-halcones-negros-y-los-charros-de-luchito-y-rafael-en-semana-yungayina-2019","status":"publish","type":"post","link":"https:\/\/www.yungayino.cl\/noticias\/?p=20246","title":{"rendered":"Los Halcones Negros y Los Charros de Luchito y Rafael en Semana Yungayina 2019"},"content":{"rendered":"<p><img loading=\"lazy\" decoding=\"async\" class=\"alignnone size-full wp-image-20251\" src=\"http:\/\/www.yungayino.cl\/noticias\/wp-content\/uploads\/2019\/01\/25_enero_2019.jpg\" alt=\"\" width=\"700\" height=\"543\" srcset=\"https:\/\/www.yungayino.cl\/noticias\/wp-content\/uploads\/2019\/01\/25_enero_2019.jpg 700w, https:\/\/www.yungayino.cl\/noticias\/wp-content\/uploads\/2019\/01\/25_enero_2019-300x233.jpg 300w, https:\/\/www.yungayino.cl\/noticias\/wp-content\/uploads\/2019\/01\/25_enero_2019-193x150.jpg 193w\" sizes=\"auto, (max-width: 700px) 100vw, 700px\" \/><\/p>\n<p style=\"text-align: justify;\">Yungay, s\u00e1bado 26 de enero 2019: En la Plaza de Yungay, con escenario preparado para la ocasi\u00f3n se presentaron Los Halcones Negros y Los Charros de Luchito y Rafael, como parte del programa de la Semana Yungayina 2019, la animaci\u00f3n estuvo a cargo de Carlos Salinas \u201cEl Cuate\u201d.<\/p>\n<p style=\"text-align: justify;\"><iframe loading=\"lazy\" style=\"border: none; overflow: hidden;\" src=\"https:\/\/www.facebook.com\/plugins\/post.php?href=https:\/\/www.facebook.com\/media\/set\/?set=a.2454034604611564&amp;type=1&amp;l=49d0f5dc9b&amp;l=a77e327dc6&amp;l=f5951f1994&amp;l=bfecbb8adf&amp;l=687b6bf5da&amp;width=500&amp;show_text=true&amp;height=691&amp;appId\" width=\"500\" height=\"691\" frameborder=\"0\" scrolling=\"no\"><\/iframe><\/p>\n<p style=\"text-align: justify;\"><strong>Los Halcones Negros<\/strong>:<\/p>\n<p style=\"text-align: justify;\">Como buenos yungayinos <strong>Los Halcones Negros <\/strong>fueron los encargados de abrir el show con m\u00fasica norte\u00f1a mexicana y cumbia ranchera, donde las letras de sus canciones est\u00e1n hechas en el lenguaje sencillo y propio del pueblo, rescatando refranes y modismos, resaltando tem\u00e1ticas dom\u00e9sticas, cr\u00edticas sociales, reflexiones, amores y desamores entre otras variadas situaciones de la vida cotidiana, es por eso que el grupo llega a todo tipo de p\u00fablico y anoche no fue la excepci\u00f3n y el p\u00fablico presente le demostr\u00f3 su cari\u00f1o aplaudiendo y posando para las c\u00e1maras del equipo del Portal Yungayino.cl, y as\u00ed dejar un lindo recuerdo fotogr\u00e1fico con estos grandes artista nuestros.<\/p>\n<p style=\"text-align: justify;\"><strong>Los Charros de Luchito y Rafael<\/strong>:<\/p>\n<p style=\"text-align: justify;\">La cumbia ranchera son\u00f3 fuerte en el escenario ubicado a un costado de la Plaza, donde el\u00a0 p\u00fablico presente pudo disfrutar de las populares canciones de la banda de m\u00fasicos conocidos como \u201c<strong>Los Charros de Luchito y Rafael\u201d<\/strong>, quienes hicieron bailar con sus grandes \u00e9xitos al p\u00fablico que llego en gran cantidad.<\/p>\n<p style=\"text-align: justify;\">[su_button url=\u00bbhttps:\/\/www.facebook.com\/media\/set\/?set=a.2454034604611564&amp;type=1&amp;l=49d0f5dc9b\u00bb target=\u00bbblank\u00bb size=\u00bb7&#8243; radius=\u00bbround\u00bb icon=\u00bbicon: facebook-square\u00bb]FOTOGRAF\u00cdAS \u2013 Los Halcones Negros y Los Charros de Luchito y Rafael en Semana Yungayina 2019[\/su_button]<\/p>\n","protected":false},"excerpt":{"rendered":"<p>Yungay, s\u00e1bado 26 de enero 2019: En la Plaza de Yungay, con escenario preparado para la ocasi\u00f3n se presentaron Los Halcones Negros y Los Charros de Luchito y Rafael, como parte del programa de&#46;&#46;&#46;<\/p>\n","protected":false},"author":2,"featured_media":20251,"comment_status":"closed","ping_status":"open","sticky":false,"template":"","format":"standard","meta":{"footnotes":""},"categories":[5,1],"tags":[1251,310,1115,1899,8,6,117],"class_list":["post-20246","post","type-post","status-publish","format-standard","has-post-thumbnail","hentry","category-eventos","category-noticias","tag-los-charros-de-luchito-y-rafael","tag-los-halcones-negros","tag-noticias","tag-semana-yungayina-2019","tag-yungay","tag-yungayino","tag-yungayinocl"],"_links":{"self":[{"href":"https:\/\/www.yungayino.cl\/noticias\/index.php?rest_route=\/wp\/v2\/posts\/20246","targetHints":{"allow":["GET"]}}],"collection":[{"href":"https:\/\/www.yungayino.cl\/noticias\/index.php?rest_route=\/wp\/v2\/posts"}],"about":[{"href":"https:\/\/www.yungayino.cl\/noticias\/index.php?rest_route=\/wp\/v2\/types\/post"}],"author":[{"embeddable":true,"href":"https:\/\/www.yungayino.cl\/noticias\/index.php?rest_route=\/wp\/v2\/users\/2"}],"replies":[{"embeddable":true,"href":"https:\/\/www.yungayino.cl\/noticias\/index.php?rest_route=%2Fwp%2Fv2%2Fcomments&post=20246"}],"version-history":[{"count":5,"href":"https:\/\/www.yungayino.cl\/noticias\/index.php?rest_route=\/wp\/v2\/posts\/20246\/revisions"}],"predecessor-version":[{"id":20252,"href":"https:\/\/www.yungayino.cl\/noticias\/index.php?rest_route=\/wp\/v2\/posts\/20246\/revisions\/20252"}],"wp:featuredmedia":[{"embeddable":true,"href":"https:\/\/www.yungayino.cl\/noticias\/index.php?rest_route=\/wp\/v2\/media\/20251"}],"wp:attachment":[{"href":"https:\/\/www.yungayino.cl\/noticias\/index.php?rest_route=%2Fwp%2Fv2%2Fmedia&parent=20246"}],"wp:term":[{"taxonomy":"category","embeddable":true,"href":"https:\/\/www.yungayino.cl\/noticias\/index.php?rest_route=%2Fwp%2Fv2%2Fcategories&post=20246"},{"taxonomy":"post_tag","embeddable":true,"href":"https:\/\/www.yungayino.cl\/noticias\/index.php?rest_route=%2Fwp%2Fv2%2Ftags&post=20246"}],"curies":[{"name":"wp","href":"https:\/\/api.w.org\/{rel}","templated":true}]}}