{"id":20254,"date":"2019-01-27T05:00:18","date_gmt":"2019-01-27T08:00:18","guid":{"rendered":"http:\/\/www.yungayino.cl\/noticias\/?p=20254"},"modified":"2019-01-27T06:35:56","modified_gmt":"2019-01-27T09:35:56","slug":"mas-de-18-mil-personas-repletaron-el-recinto-trilaleo-en-tradicional-fogata-de-la-amistad-en-semana-yungayina-2019","status":"publish","type":"post","link":"https:\/\/www.yungayino.cl\/noticias\/?p=20254","title":{"rendered":"M\u00e1s de 18 Mil Personas Repletaron el Recinto Trilaleo en Tradicional Fogata de la Amistad en Semana Yungayina 2019"},"content":{"rendered":"<p><img loading=\"lazy\" decoding=\"async\" class=\"alignnone size-full wp-image-20256\" src=\"http:\/\/www.yungayino.cl\/noticias\/wp-content\/uploads\/2019\/01\/26_enero_2019.jpg\" alt=\"\" width=\"700\" height=\"700\" srcset=\"https:\/\/www.yungayino.cl\/noticias\/wp-content\/uploads\/2019\/01\/26_enero_2019.jpg 700w, https:\/\/www.yungayino.cl\/noticias\/wp-content\/uploads\/2019\/01\/26_enero_2019-150x150.jpg 150w, https:\/\/www.yungayino.cl\/noticias\/wp-content\/uploads\/2019\/01\/26_enero_2019-300x300.jpg 300w, https:\/\/www.yungayino.cl\/noticias\/wp-content\/uploads\/2019\/01\/26_enero_2019-160x160.jpg 160w, https:\/\/www.yungayino.cl\/noticias\/wp-content\/uploads\/2019\/01\/26_enero_2019-320x320.jpg 320w\" sizes=\"auto, (max-width: 700px) 100vw, 700px\" \/><\/p>\n<p style=\"text-align: justify;\">Yungay, domingo 27 de enero 2019: Con una multitudinaria concurrencia cercana a las 18 mil personas que repletaron el Recinto Trilaleo se llev\u00f3 a cabo este s\u00e1bado 26 de enero la \u00faltima jornada de la Semana Yungayina 2019 organizada por la Ilustre Municipalidad de Yungay, donde el p\u00fablico disfrut\u00f3 de un gran espect\u00e1culo al aire libre con la mejor m\u00fasica tropical y cumbia. Tambi\u00e9n destacar que no se encendieron las tradicionales fogatas por la alerta preventiva de incendio en la regi\u00f3n decretada por la Intendencia.<\/p>\n<p><iframe loading=\"lazy\" style=\"border: none; overflow: hidden;\" src=\"https:\/\/www.facebook.com\/plugins\/post.php?href=https:\/\/www.facebook.com\/media\/set\/?set=a.2454755361206155&amp;type=1&amp;l=519f32a59c&amp;l=a77e327dc6&amp;l=f5951f1994&amp;l=bfecbb8adf&amp;l=687b6bf5da&amp;width=500&amp;show_text=true&amp;height=691&amp;appId\" width=\"500\" height=\"691\" frameborder=\"0\" scrolling=\"no\"><\/iframe><\/p>\n<p style=\"text-align: justify;\"><strong>\u201cBarrio Sabor\u201d y \u201cLa Zaga\u201d<\/strong><\/p>\n<p style=\"text-align: justify;\">Con la animaci\u00f3n del Yungayino <strong>Danilo Mar\u00edn <\/strong>acompa\u00f1ado por el DJ, Charles Javier se dio inicio a las jornada, donde abri\u00f3 el Grupo Yungayino <strong>\u201cBarrio Sabor\u201d<\/strong>, quienes hicieron bailar al p\u00fablico presente con la nueva cumbia chilena para luego continuar con <strong>\u201cLa Zaga\u201d<\/strong> agrupaci\u00f3n tropical formada por m\u00fasicos peruanos, argentinos y chilenos liderados por Papo ex guitarrista de Garras de Amor.<\/p>\n<p style=\"text-align: justify;\"><strong>\u201cAmar Azul\u201d<\/strong><\/p>\n<p style=\"text-align: justify;\">La banda argentina consideradas una de las bandas de cumbia m\u00e1s importantes de la historia hizo bailar a todo el p\u00fablico presente con su cumbia tropical, donde interactuaron en todo momento con el p\u00fablico, quienes cantaban y coreaban cada uno de sus temas destacando entre los m\u00e1s exitosos \u201cYo Tomo\u201d, \u201cYo Tomo Licor\u201d, \u201cPolvito del Amor\u201d.<\/p>\n<p style=\"text-align: justify;\"><strong>\u201cSonora Palacios\u201d<\/strong><\/p>\n<p style=\"text-align: justify;\">Cerca de las 02:30 horas de la madrugada se present\u00f3 <strong>\u201cSonora Palacios\u201d,<\/strong> fueron los encargados de cerrar la gran noche con lo mejor de la m\u00fasica popular bailable de todos los tiempos, quienes hicieron bailar a las miles de personas que asistieron a pasar un grato momento y disfrutar de un gran espect\u00e1culo.<\/p>\n<p style=\"text-align: justify;\">Finalmente destacar el buen comportamiento del p\u00fablico que asisti\u00f3 en gran cantidad, adem\u00e1s del apoyo de Carabineros de la Cuarta Comisar\u00eda de Yungay, quienes mantuvieron la seguridad tanto en interior del recinto Trilaleo como en las afueras del recinto y por sobre todo al t\u00e9rmino por la gran cantidad de veh\u00edculos. Por su parte la Empresa de Chill\u00e1n VIP SECURITY, fueron los encargados de la seguridad en todas las jornadas de esta Semana Yungayina 2019.<\/p>\n<p style=\"text-align: justify;\">[su_button url=\u00bbhttps:\/\/www.facebook.com\/media\/set\/?set=a.2454755361206155&amp;type=1&amp;l=519f32a59c\u00bb target=\u00bbblank\u00bb size=\u00bb7&#8243; radius=\u00bbround\u00bb icon=\u00bbicon: facebook-square\u00bb]FOTOGRAF\u00cdAS &#8211; M\u00e1s de 18 Mil Personas Repletaron el Recinto Trilaleo en Tradicional Fogata de la Amistad en Semana Yungayina 2019[\/su_button]<\/p>\n","protected":false},"excerpt":{"rendered":"<p>Yungay, domingo 27 de enero 2019: Con una multitudinaria concurrencia cercana a las 18 mil personas que repletaron el Recinto Trilaleo se llev\u00f3 a cabo este s\u00e1bado 26 de enero la \u00faltima jornada de&#46;&#46;&#46;<\/p>\n","protected":false},"author":2,"featured_media":20256,"comment_status":"closed","ping_status":"open","sticky":false,"template":"","format":"standard","meta":{"footnotes":""},"categories":[5,1],"tags":[1887,1889,857,1910,1115,1899,1261,8,6,117],"class_list":["post-20254","post","type-post","status-publish","format-standard","has-post-thumbnail","hentry","category-eventos","category-noticias","tag-amar-azul","tag-barrio-sabor","tag-fogata-de-la-amistad","tag-la-zaga","tag-noticias","tag-semana-yungayina-2019","tag-sonora-palacios","tag-yungay","tag-yungayino","tag-yungayinocl"],"_links":{"self":[{"href":"https:\/\/www.yungayino.cl\/noticias\/index.php?rest_route=\/wp\/v2\/posts\/20254","targetHints":{"allow":["GET"]}}],"collection":[{"href":"https:\/\/www.yungayino.cl\/noticias\/index.php?rest_route=\/wp\/v2\/posts"}],"about":[{"href":"https:\/\/www.yungayino.cl\/noticias\/index.php?rest_route=\/wp\/v2\/types\/post"}],"author":[{"embeddable":true,"href":"https:\/\/www.yungayino.cl\/noticias\/index.php?rest_route=\/wp\/v2\/users\/2"}],"replies":[{"embeddable":true,"href":"https:\/\/www.yungayino.cl\/noticias\/index.php?rest_route=%2Fwp%2Fv2%2Fcomments&post=20254"}],"version-history":[{"count":3,"href":"https:\/\/www.yungayino.cl\/noticias\/index.php?rest_route=\/wp\/v2\/posts\/20254\/revisions"}],"predecessor-version":[{"id":20258,"href":"https:\/\/www.yungayino.cl\/noticias\/index.php?rest_route=\/wp\/v2\/posts\/20254\/revisions\/20258"}],"wp:featuredmedia":[{"embeddable":true,"href":"https:\/\/www.yungayino.cl\/noticias\/index.php?rest_route=\/wp\/v2\/media\/20256"}],"wp:attachment":[{"href":"https:\/\/www.yungayino.cl\/noticias\/index.php?rest_route=%2Fwp%2Fv2%2Fmedia&parent=20254"}],"wp:term":[{"taxonomy":"category","embeddable":true,"href":"https:\/\/www.yungayino.cl\/noticias\/index.php?rest_route=%2Fwp%2Fv2%2Fcategories&post=20254"},{"taxonomy":"post_tag","embeddable":true,"href":"https:\/\/www.yungayino.cl\/noticias\/index.php?rest_route=%2Fwp%2Fv2%2Ftags&post=20254"}],"curies":[{"name":"wp","href":"https:\/\/api.w.org\/{rel}","templated":true}]}}