{"id":20275,"date":"2019-02-03T23:00:43","date_gmt":"2019-02-04T02:00:43","guid":{"rendered":"http:\/\/www.yungayino.cl\/noticias\/?p=20275"},"modified":"2019-02-04T01:01:38","modified_gmt":"2019-02-04T04:01:38","slug":"yungayinos-disfrutaron-de-la-fiesta-del-trigo-con-tradicional-trilla-a-yegua-suelta","status":"publish","type":"post","link":"https:\/\/www.yungayino.cl\/noticias\/?p=20275","title":{"rendered":"Yungayinos Disfrutaron de la Fiesta del Trigo con Tradicional \u201cTrilla a Yegua Suelta\u201d"},"content":{"rendered":"<p><img loading=\"lazy\" decoding=\"async\" class=\"alignnone size-full wp-image-20276\" src=\"http:\/\/www.yungayino.cl\/noticias\/wp-content\/uploads\/2019\/02\/trilla_2019.jpg\" alt=\"\" width=\"700\" height=\"350\" srcset=\"https:\/\/www.yungayino.cl\/noticias\/wp-content\/uploads\/2019\/02\/trilla_2019.jpg 700w, https:\/\/www.yungayino.cl\/noticias\/wp-content\/uploads\/2019\/02\/trilla_2019-300x150.jpg 300w\" sizes=\"auto, (max-width: 700px) 100vw, 700px\" \/><\/p>\n<p style=\"text-align: justify;\">Yungay, domingo 03 de febrero 2019: En la Medialuna de Yungay se llev\u00f3 a cabo la Fiesta del Trigo con Tradicional <strong>\u201cTrilla a Yegua Suelta<\/strong>\u201d, la cual fue\u00a0 organizada\u00a0 por el municipio, gracias a proyecto adjudicado con fondos del Gobierno Regional.<\/p>\n<p style=\"text-align: justify;\"><iframe loading=\"lazy\" style=\"border: none; overflow: hidden;\" src=\"https:\/\/www.facebook.com\/plugins\/post.php?href=https:\/\/www.facebook.com\/media\/set\/?set=a.2466430416705316&amp;type=1&amp;l=124fe21f88&amp;l=a77e327dc6&amp;l=f5951f1994&amp;l=bfecbb8adf&amp;l=687b6bf5da&amp;width=500&amp;show_text=true&amp;height=691&amp;appId\" width=\"500\" height=\"691\" frameborder=\"0\" scrolling=\"no\"><\/iframe><\/p>\n<p style=\"text-align: justify;\">La jornada se inici\u00f3 a las 11:00 horas con la salida de carretas desde el Estadio Municipal para que a las 12:30 horas se diera por inaugurada oficialmente esta actividad encabezada por el alcalde Sr. Rafael Cifuentes, Concejales, Directores y Funcionarios Municipales, la cual ten\u00eda como objetivo mantener y rescatar una de las tradiciones de nuestra tierra, donde las yeguas pisotean las gavillas del trigo y eran arreadas por jinetes, quienes las hac\u00edan correr en c\u00edrculo, todo a cargo de Los Peucanos de la Alta Cordillera.<\/p>\n<p style=\"text-align: justify;\">Destacar que la jornada cont\u00f3 con cociner\u00eda, donde los asistentes pudieron disfrutar de asado de cordero al palo, empanadas, tortillas, sopaipillas, humitas, mote con huesillo, cerveza artesanal, adem\u00e1s de stand con variada artesan\u00eda local.<\/p>\n<p style=\"text-align: justify;\">Finalmente se\u00f1alar que esta fiesta tambi\u00e9n tuvo juegos populares y destrezas a caballo, adem\u00e1s de un variado programa con m\u00fasica y humor folcl\u00f3rico donde participaron Lucho Castillo y Dangelo Guerra, Mapuketr\u00e1n, Rodrigo Saavedra y Tom\u00e1s Contreras, Fernando Y\u00e1\u00f1ez, Leonel Castro y Cantares de Yungay.<\/p>\n<p style=\"text-align: justify;\">[su_button url=\u00bbhttps:\/\/www.facebook.com\/media\/set\/?set=a.2466430416705316&amp;type=1&amp;l=124fe21f88&#8243; target=\u00bbblank\u00bb size=\u00bb7&#8243; radius=\u00bbround\u00bb icon=\u00bbicon: facebook-square\u00bb]FOTOGRAF\u00cdAS &#8211; Yungayinos Disfrutaron de la Fiesta del Trigo con Tradicional \u201cTrilla a Yegua Suelta\u201d[\/su_button]<\/p>\n","protected":false},"excerpt":{"rendered":"<p>Yungay, domingo 03 de febrero 2019: En la Medialuna de Yungay se llev\u00f3 a cabo la Fiesta del Trigo con Tradicional \u201cTrilla a Yegua Suelta\u201d, la cual fue\u00a0 organizada\u00a0 por el municipio, gracias a&#46;&#46;&#46;<\/p>\n","protected":false},"author":2,"featured_media":20276,"comment_status":"closed","ping_status":"open","sticky":false,"template":"","format":"standard","meta":{"footnotes":""},"categories":[5,1],"tags":[1912,1115,1680,8,6,117],"class_list":["post-20275","post","type-post","status-publish","format-standard","has-post-thumbnail","hentry","category-eventos","category-noticias","tag-fiesta-del-trigo","tag-noticias","tag-trilla-a-yegua-suelta","tag-yungay","tag-yungayino","tag-yungayinocl"],"_links":{"self":[{"href":"https:\/\/www.yungayino.cl\/noticias\/index.php?rest_route=\/wp\/v2\/posts\/20275","targetHints":{"allow":["GET"]}}],"collection":[{"href":"https:\/\/www.yungayino.cl\/noticias\/index.php?rest_route=\/wp\/v2\/posts"}],"about":[{"href":"https:\/\/www.yungayino.cl\/noticias\/index.php?rest_route=\/wp\/v2\/types\/post"}],"author":[{"embeddable":true,"href":"https:\/\/www.yungayino.cl\/noticias\/index.php?rest_route=\/wp\/v2\/users\/2"}],"replies":[{"embeddable":true,"href":"https:\/\/www.yungayino.cl\/noticias\/index.php?rest_route=%2Fwp%2Fv2%2Fcomments&post=20275"}],"version-history":[{"count":3,"href":"https:\/\/www.yungayino.cl\/noticias\/index.php?rest_route=\/wp\/v2\/posts\/20275\/revisions"}],"predecessor-version":[{"id":20278,"href":"https:\/\/www.yungayino.cl\/noticias\/index.php?rest_route=\/wp\/v2\/posts\/20275\/revisions\/20278"}],"wp:featuredmedia":[{"embeddable":true,"href":"https:\/\/www.yungayino.cl\/noticias\/index.php?rest_route=\/wp\/v2\/media\/20276"}],"wp:attachment":[{"href":"https:\/\/www.yungayino.cl\/noticias\/index.php?rest_route=%2Fwp%2Fv2%2Fmedia&parent=20275"}],"wp:term":[{"taxonomy":"category","embeddable":true,"href":"https:\/\/www.yungayino.cl\/noticias\/index.php?rest_route=%2Fwp%2Fv2%2Fcategories&post=20275"},{"taxonomy":"post_tag","embeddable":true,"href":"https:\/\/www.yungayino.cl\/noticias\/index.php?rest_route=%2Fwp%2Fv2%2Ftags&post=20275"}],"curies":[{"name":"wp","href":"https:\/\/api.w.org\/{rel}","templated":true}]}}