{"id":20285,"date":"2019-02-06T14:00:34","date_gmt":"2019-02-06T17:00:34","guid":{"rendered":"http:\/\/www.yungayino.cl\/noticias\/?p=20285"},"modified":"2019-02-06T15:26:01","modified_gmt":"2019-02-06T18:26:01","slug":"xvii-feria-costumbrista-tuvo-su-primera-noche-de-show-en-yungay","status":"publish","type":"post","link":"https:\/\/www.yungayino.cl\/noticias\/?p=20285","title":{"rendered":"XVII Feria Costumbrista Tuvo su Primera Noche de Show en Yungay"},"content":{"rendered":"<p><img loading=\"lazy\" decoding=\"async\" class=\"alignnone size-full wp-image-20286\" src=\"http:\/\/www.yungayino.cl\/noticias\/wp-content\/uploads\/2019\/02\/feria_05022019.jpg\" alt=\"\" width=\"700\" height=\"711\" srcset=\"https:\/\/www.yungayino.cl\/noticias\/wp-content\/uploads\/2019\/02\/feria_05022019.jpg 700w, https:\/\/www.yungayino.cl\/noticias\/wp-content\/uploads\/2019\/02\/feria_05022019-295x300.jpg 295w, https:\/\/www.yungayino.cl\/noticias\/wp-content\/uploads\/2019\/02\/feria_05022019-148x150.jpg 148w\" sizes=\"auto, (max-width: 700px) 100vw, 700px\" \/><\/p>\n<p style=\"text-align: justify;\">Yungay, mi\u00e9rcoles 06 de febrero 2019: desde las 22:00 horas en el escenario preparado para esta actividad se llev\u00f3 a cabo la primera noche de show de la XVII Feria Costumbrista, con la animaci\u00f3n de Sra. Yeanette Navarrete.<\/p>\n<p style=\"text-align: justify;\"><iframe loading=\"lazy\" style=\"border: none; overflow: hidden;\" src=\"https:\/\/www.facebook.com\/plugins\/post.php?href=https:\/\/www.facebook.com\/media\/set\/?set=a.2470398232975201&amp;type=1&amp;l=6ea8d15cce&amp;l=a77e327dc6&amp;l=f5951f1994&amp;l=bfecbb8adf&amp;l=687b6bf5da&amp;width=500&amp;show_text=true&amp;height=691&amp;appId\" width=\"500\" height=\"691\" frameborder=\"0\" scrolling=\"no\"><\/iframe><\/p>\n<p style=\"text-align: justify;\">En primer lugar se presentaron \u201cA Los Cuatro Vientos\u201d, grupo de j\u00f3venes m\u00fasicos que interpretan Cueca huasa rom\u00e1ntica, cuentan con dos producciones \u201cBuscando un Amor\u201d y \u201cCuanto Quiero que me Quieras\u201d. Hicieron bailar y disfrutar al p\u00fablico que los aplaudi\u00f3 por la presentaci\u00f3n realizada.<\/p>\n<p style=\"text-align: justify;\">Se presentaron en el escenario de la Feria Costumbrista Los Campeones de Cueca que han representado siempre en todas partes muy bien nuestro baile nacional y a nuestra comuna. Nataly Gallegos y Manuel Cris\u00f3stomo, Paula Leiva y Mart\u00edn Fern\u00e1ndez, Eliud Leiva y Martina Riquelme, Branco Briones y Marion Briones.<\/p>\n<p style=\"text-align: justify;\">Tambi\u00e9n se present\u00f3 el Conjunto Continental TANGAROA, este conjunto est\u00e1 compuesto por j\u00f3venes m\u00fasicos y bailarines con una amplia trayectoria en diversos estilos, los cuales dan vida a este Conjunto Continental, buscando en cada una de sus presentaciones involucrar a los espectadores reviviendo las diversas vivencias, tradiciones e historias de la isla narrada en las letras de sus canciones.<\/p>\n<p style=\"text-align: justify;\">En la ocasi\u00f3n se le hizo un reconocimiento a Juan Quijada Bustos, un joven de 21 a\u00f1os de edad, deportista destacado de nuestra comuna, quien cuenta con una trayectoria competitiva de 2 a\u00f1os aproximadamente, cuenta con alrededor de 150 medallas divididas en primeros, segundos y terceros lugares. Destacar que el domingo reci\u00e9n pasado particip\u00f3 del Campeonato Nacional de Cross Country desarrollado en la ciudad de Temuco, donde se coron\u00f3 Campe\u00f3n Nacional. Y en el mes de marzo del presente a\u00f1o viajar\u00e1 a Dinamarca a competir internacionalmente.<\/p>\n<p style=\"text-align: justify;\">[su_button url=\u00bbhttps:\/\/www.facebook.com\/media\/set\/?set=a.2470398232975201&amp;type=1&amp;l=6ea8d15cce\u00bb target=\u00bbblank\u00bb size=\u00bb7&#8243; radius=\u00bbround\u00bb icon=\u00bbicon: facebook-square\u00bb]FOTOGRAF\u00cdAS &#8211; XVII Feria Costumbrista Tuvo su primera noche de Show en Yungay[\/su_button]<\/p>\n","protected":false},"excerpt":{"rendered":"<p>Yungay, mi\u00e9rcoles 06 de febrero 2019: desde las 22:00 horas en el escenario preparado para esta actividad se llev\u00f3 a cabo la primera noche de show de la XVII Feria Costumbrista, con la animaci\u00f3n&#46;&#46;&#46;<\/p>\n","protected":false},"author":2,"featured_media":20286,"comment_status":"closed","ping_status":"open","sticky":false,"template":"","format":"standard","meta":{"footnotes":""},"categories":[17,1],"tags":[1915,24,1914,1115,1913,8,6,117],"class_list":["post-20285","post","type-post","status-publish","format-standard","has-post-thumbnail","hentry","category-deporte","category-noticias","tag-a-los-cuatro-vientos","tag-feria-costumbrista","tag-juan-quijada","tag-noticias","tag-tangaroa","tag-yungay","tag-yungayino","tag-yungayinocl"],"_links":{"self":[{"href":"https:\/\/www.yungayino.cl\/noticias\/index.php?rest_route=\/wp\/v2\/posts\/20285","targetHints":{"allow":["GET"]}}],"collection":[{"href":"https:\/\/www.yungayino.cl\/noticias\/index.php?rest_route=\/wp\/v2\/posts"}],"about":[{"href":"https:\/\/www.yungayino.cl\/noticias\/index.php?rest_route=\/wp\/v2\/types\/post"}],"author":[{"embeddable":true,"href":"https:\/\/www.yungayino.cl\/noticias\/index.php?rest_route=\/wp\/v2\/users\/2"}],"replies":[{"embeddable":true,"href":"https:\/\/www.yungayino.cl\/noticias\/index.php?rest_route=%2Fwp%2Fv2%2Fcomments&post=20285"}],"version-history":[{"count":2,"href":"https:\/\/www.yungayino.cl\/noticias\/index.php?rest_route=\/wp\/v2\/posts\/20285\/revisions"}],"predecessor-version":[{"id":20288,"href":"https:\/\/www.yungayino.cl\/noticias\/index.php?rest_route=\/wp\/v2\/posts\/20285\/revisions\/20288"}],"wp:featuredmedia":[{"embeddable":true,"href":"https:\/\/www.yungayino.cl\/noticias\/index.php?rest_route=\/wp\/v2\/media\/20286"}],"wp:attachment":[{"href":"https:\/\/www.yungayino.cl\/noticias\/index.php?rest_route=%2Fwp%2Fv2%2Fmedia&parent=20285"}],"wp:term":[{"taxonomy":"category","embeddable":true,"href":"https:\/\/www.yungayino.cl\/noticias\/index.php?rest_route=%2Fwp%2Fv2%2Fcategories&post=20285"},{"taxonomy":"post_tag","embeddable":true,"href":"https:\/\/www.yungayino.cl\/noticias\/index.php?rest_route=%2Fwp%2Fv2%2Ftags&post=20285"}],"curies":[{"name":"wp","href":"https:\/\/api.w.org\/{rel}","templated":true}]}}