{"id":20294,"date":"2019-02-08T15:00:01","date_gmt":"2019-02-08T18:00:01","guid":{"rendered":"http:\/\/www.yungayino.cl\/noticias\/?p=20294"},"modified":"2019-02-08T16:17:09","modified_gmt":"2019-02-08T19:17:09","slug":"xvii-feria-costumbrista-de-yungay-recibio-en-su-escenario-a-agrupaciones-folcloricas-yungayinas-y-el-clavel","status":"publish","type":"post","link":"https:\/\/www.yungayino.cl\/noticias\/?p=20294","title":{"rendered":"XVII Feria Costumbrista de Yungay Recibi\u00f3 en su Escenario a Agrupaciones Folcl\u00f3ricas Yungayinas y \u201cEl Clavel\u201d"},"content":{"rendered":"<p><img loading=\"lazy\" decoding=\"async\" class=\"alignnone size-full wp-image-20295\" src=\"http:\/\/www.yungayino.cl\/noticias\/wp-content\/uploads\/2019\/02\/feria_costumbrista_20190207.jpg\" alt=\"\" width=\"640\" height=\"640\" srcset=\"https:\/\/www.yungayino.cl\/noticias\/wp-content\/uploads\/2019\/02\/feria_costumbrista_20190207.jpg 640w, https:\/\/www.yungayino.cl\/noticias\/wp-content\/uploads\/2019\/02\/feria_costumbrista_20190207-150x150.jpg 150w, https:\/\/www.yungayino.cl\/noticias\/wp-content\/uploads\/2019\/02\/feria_costumbrista_20190207-300x300.jpg 300w, https:\/\/www.yungayino.cl\/noticias\/wp-content\/uploads\/2019\/02\/feria_costumbrista_20190207-160x160.jpg 160w, https:\/\/www.yungayino.cl\/noticias\/wp-content\/uploads\/2019\/02\/feria_costumbrista_20190207-320x320.jpg 320w\" sizes=\"auto, (max-width: 640px) 100vw, 640px\" \/><\/p>\n<p style=\"text-align: justify;\">Yungay, viernes 08 de febrero 2019: desde las 22 horas en el costado de la plaza se vivi\u00f3 una nueva noche de show art\u00edstico en la XVII Feria Costumbrista, con la animaci\u00f3n de Sra. Yeanette Navarrete.<\/p>\n<p style=\"text-align: justify;\"><iframe loading=\"lazy\" style=\"border: none; overflow: hidden;\" src=\"https:\/\/www.facebook.com\/plugins\/post.php?href=https:\/\/www.facebook.com\/media\/set\/?set=a.2473523365996021&amp;type=1&amp;l=ac937a4fa7&amp;l=a77e327dc6&amp;l=f5951f1994&amp;l=bfecbb8adf&amp;l=687b6bf5da&amp;width=500&amp;show_text=true&amp;height=691&amp;appId\" width=\"500\" height=\"691\" frameborder=\"0\" scrolling=\"no\"><\/iframe><\/p>\n<p style=\"text-align: justify;\"><strong>Agrupaci\u00f3n Folcl\u00f3rica ANDALIKAN<\/strong><\/p>\n<p style=\"text-align: justify;\">Este grupo que busca fomentar y cultivar el folclor en los adultos mayores de nuestra comuna, est\u00e1 integrado por 39 personas entre bailarines y socios. Su monitor es el Sr. Carlos Gonz\u00e1lez Contreras. Hoy nos deleitaron con bailes y danzas de la zona central de nuestro pa\u00eds, con La Sajuriana, Polca, Resbalosa, entre otros. Nuestros adultos mayores realizaron una hermosa presentaci\u00f3n, demostrando que los a\u00f1os no son motivo para dejar de bailar y dejar de hacer lo que les gusta.<\/p>\n<p style=\"text-align: justify;\"><strong>Pasi\u00f3n Cuequera<\/strong><\/p>\n<p style=\"text-align: justify;\">Este grupo de j\u00f3venes entre 4 y 17 a\u00f1os de edad, realizaron una excelente presentaci\u00f3n, mostrando bailes como Trote Nortino, Cuecas, Rapa Nui, entre otros. Con sus impecables vestimentas y coreograf\u00edas, demostraron todo lo que ha aprendido en sus ensayos. Los 40 participantes que componen este equipo son liderados por Srta. Alejandra Cifuentes y Edgar Mu\u00f1oz.<\/p>\n<p style=\"text-align: justify;\"><strong>El Clavel<\/strong><\/p>\n<p style=\"text-align: justify;\">Ernesto Cancino Mu\u00f1oz, m\u00e1s conocido como \u201cEl Clavel\u201d, se present\u00f3 en Yungay con su humor y picard\u00eda que lo caracteriza interpretando sus canciones que fueron coreadas por los asistentes, quienes rieron y disfrutaron en esta tercera noche de la Feria Costumbrista.<\/p>\n<p style=\"text-align: justify;\">[su_button url=\u00bbhttps:\/\/www.facebook.com\/media\/set\/?set=a.2473523365996021&amp;type=1&amp;l=ac937a4fa7&#8243; target=\u00bbblank\u00bb size=\u00bb7&#8243; radius=\u00bbround\u00bb icon=\u00bbicon: facebook-square\u00bb]FOTOGRAF\u00cdAS &#8211; \u00a0XVII Feria Costumbrista de Yungay Recibi\u00f3 en su Escenario a Agrupaciones Folcl\u00f3ricas Yungayinas y \u201cEl Clavel\u201d[\/su_button]<\/p>\n","protected":false},"excerpt":{"rendered":"<p>Yungay, viernes 08 de febrero 2019: desde las 22 horas en el costado de la plaza se vivi\u00f3 una nueva noche de show art\u00edstico en la XVII Feria Costumbrista, con la animaci\u00f3n de Sra.&#46;&#46;&#46;<\/p>\n","protected":false},"author":2,"featured_media":20295,"comment_status":"closed","ping_status":"open","sticky":false,"template":"","format":"standard","meta":{"footnotes":""},"categories":[5,1],"tags":[1918,1919,24,1115,866,8,6,117],"class_list":["post-20294","post","type-post","status-publish","format-standard","has-post-thumbnail","hentry","category-eventos","category-noticias","tag-andalikan","tag-el-clavel","tag-feria-costumbrista","tag-noticias","tag-pasion-cuequera","tag-yungay","tag-yungayino","tag-yungayinocl"],"_links":{"self":[{"href":"https:\/\/www.yungayino.cl\/noticias\/index.php?rest_route=\/wp\/v2\/posts\/20294","targetHints":{"allow":["GET"]}}],"collection":[{"href":"https:\/\/www.yungayino.cl\/noticias\/index.php?rest_route=\/wp\/v2\/posts"}],"about":[{"href":"https:\/\/www.yungayino.cl\/noticias\/index.php?rest_route=\/wp\/v2\/types\/post"}],"author":[{"embeddable":true,"href":"https:\/\/www.yungayino.cl\/noticias\/index.php?rest_route=\/wp\/v2\/users\/2"}],"replies":[{"embeddable":true,"href":"https:\/\/www.yungayino.cl\/noticias\/index.php?rest_route=%2Fwp%2Fv2%2Fcomments&post=20294"}],"version-history":[{"count":2,"href":"https:\/\/www.yungayino.cl\/noticias\/index.php?rest_route=\/wp\/v2\/posts\/20294\/revisions"}],"predecessor-version":[{"id":20297,"href":"https:\/\/www.yungayino.cl\/noticias\/index.php?rest_route=\/wp\/v2\/posts\/20294\/revisions\/20297"}],"wp:featuredmedia":[{"embeddable":true,"href":"https:\/\/www.yungayino.cl\/noticias\/index.php?rest_route=\/wp\/v2\/media\/20295"}],"wp:attachment":[{"href":"https:\/\/www.yungayino.cl\/noticias\/index.php?rest_route=%2Fwp%2Fv2%2Fmedia&parent=20294"}],"wp:term":[{"taxonomy":"category","embeddable":true,"href":"https:\/\/www.yungayino.cl\/noticias\/index.php?rest_route=%2Fwp%2Fv2%2Fcategories&post=20294"},{"taxonomy":"post_tag","embeddable":true,"href":"https:\/\/www.yungayino.cl\/noticias\/index.php?rest_route=%2Fwp%2Fv2%2Ftags&post=20294"}],"curies":[{"name":"wp","href":"https:\/\/api.w.org\/{rel}","templated":true}]}}