{"id":20298,"date":"2019-02-09T03:00:13","date_gmt":"2019-02-09T06:00:13","guid":{"rendered":"http:\/\/www.yungayino.cl\/noticias\/?p=20298"},"modified":"2019-02-09T04:42:18","modified_gmt":"2019-02-09T07:42:18","slug":"cantares-los-cuatreros-del-folclore-y-fernando-ubiergo-en-xvii-feria-costumbrista-de-yungay","status":"publish","type":"post","link":"https:\/\/www.yungayino.cl\/noticias\/?p=20298","title":{"rendered":"Cantares, Los Cuatreros del Folclore y Fernando Ubiergo en XVII Feria Costumbrista de Yungay"},"content":{"rendered":"<p><img loading=\"lazy\" decoding=\"async\" class=\"alignnone size-full wp-image-20299\" src=\"http:\/\/www.yungayino.cl\/noticias\/wp-content\/uploads\/2019\/02\/feria_costumbrista_20190208.jpg\" alt=\"\" width=\"700\" height=\"700\" srcset=\"https:\/\/www.yungayino.cl\/noticias\/wp-content\/uploads\/2019\/02\/feria_costumbrista_20190208.jpg 700w, https:\/\/www.yungayino.cl\/noticias\/wp-content\/uploads\/2019\/02\/feria_costumbrista_20190208-150x150.jpg 150w, https:\/\/www.yungayino.cl\/noticias\/wp-content\/uploads\/2019\/02\/feria_costumbrista_20190208-300x300.jpg 300w, https:\/\/www.yungayino.cl\/noticias\/wp-content\/uploads\/2019\/02\/feria_costumbrista_20190208-160x160.jpg 160w, https:\/\/www.yungayino.cl\/noticias\/wp-content\/uploads\/2019\/02\/feria_costumbrista_20190208-320x320.jpg 320w\" sizes=\"auto, (max-width: 700px) 100vw, 700px\" \/><\/p>\n<p style=\"text-align: justify;\">Yungay, s\u00e1bado 09 de febrero 2019: en el escenario a un costado de la plaza, desde las 22:00 horas se llev\u00f3 a cabo la cuarta noche de show art\u00edstico en la XVII Feria Costumbrista, con la animaci\u00f3n de Sra. Yeanette Navarrete, qui\u00e9n invit\u00f3 al p\u00fablico a seguir visitando los stands que se encuentran ubicados en nuestra plaza y a las cociner\u00edas que est\u00e1n instaladas al costado del sal\u00f3n comunitario multiuso<\/p>\n<p style=\"text-align: justify;\"><strong>Pasi\u00f3n Cuequera<\/strong> para dar inicio a esta noche realiz\u00f3 un baile con la canci\u00f3n \u201cGracias a la Vida\u201d de Violeta Parra.<\/p>\n<p style=\"text-align: justify;\"><iframe loading=\"lazy\" style=\"border: none; overflow: hidden;\" src=\"https:\/\/www.facebook.com\/plugins\/post.php?href=https:\/\/www.facebook.com\/media\/set\/?set=a.2474246629257028&amp;type=1&amp;l=49c3219021&amp;l=a77e327dc6&amp;l=f5951f1994&amp;l=bfecbb8adf&amp;l=687b6bf5da&amp;width=500&amp;show_text=true&amp;height=691&amp;appId\" width=\"500\" height=\"691\" frameborder=\"0\" scrolling=\"no\"><\/iframe><\/p>\n<p style=\"text-align: justify;\"><strong>Agrupaci\u00f3n Folcl\u00f3rica Cantares de Yungay<\/strong><\/p>\n<p style=\"text-align: justify;\">En sus 10 a\u00f1os de trayectoria art\u00edstica han desarrollado numerosas actividades de rescate, formaci\u00f3n y difusi\u00f3n de cantos, danzas y bailes de ra\u00edz folcl\u00f3rica de la zona central, Chilo\u00e9 y Patagonia. Hoy se presentaron en el escenario de la XVII Feria Costumbrista con uno de sus cuadros de la \u00e9poca de 1800 denominada \u201cLa Chingana\u201d.<\/p>\n<p style=\"text-align: justify;\"><strong>Los Cuatreros del Folclore<\/strong><\/p>\n<p style=\"text-align: justify;\">Este grupo musical realiz\u00f3 una presentaci\u00f3n de mucha interacci\u00f3n con el p\u00fablico, mostrando el rescate de la m\u00fasica campesina y bailable con un repertorio muy variado, enlazado con versos e historias llenas de picard\u00eda. Interpretando valses, correteados, cuecas, entre otros.<\/p>\n<p style=\"text-align: justify;\"><strong>Fernando Ubiergo<\/strong><\/p>\n<p style=\"text-align: justify;\">Cantautor y M\u00fasico Chileno, con m\u00e1s de 40 a\u00f1os de carrera musical. Con sus letras po\u00e9ticas y profundas se ha ganado la admiraci\u00f3n de generaciones de chilenos y latinoamericanos por su estilo de narraci\u00f3n musical. El p\u00fablico core\u00f3 todas sus canciones y terminada su presentaci\u00f3n se dio el tiempo de posar para las c\u00e1maras junto a sus seguidores y as\u00ed dejar un recuerdo fotogr\u00e1fico de este momento.<\/p>\n<p style=\"text-align: justify;\">[su_button url=\u00bbhttps:\/\/www.facebook.com\/media\/set\/?set=a.2474246629257028&amp;type=1&amp;l=49c3219021&#8243; target=\u00bbblank\u00bb size=\u00bb7&#8243; radius=\u00bbround\u00bb icon=\u00bbicon: facebook-square\u00bb]FOTOGRAF\u00cdAS &#8211; Cantares, Los Cuatreros del Folclor y Fernando Ubiergo en XVII Feria Costumbrista de Yungay[\/su_button]<\/p>\n","protected":false},"excerpt":{"rendered":"<p>Yungay, s\u00e1bado 09 de febrero 2019: en el escenario a un costado de la plaza, desde las 22:00 horas se llev\u00f3 a cabo la cuarta noche de show art\u00edstico en la XVII Feria Costumbrista,&#46;&#46;&#46;<\/p>\n","protected":false},"author":2,"featured_media":20299,"comment_status":"closed","ping_status":"open","sticky":false,"template":"","format":"standard","meta":{"footnotes":""},"categories":[5,1],"tags":[60,24,1921,1920,1115,866,8,6,117],"class_list":["post-20298","post","type-post","status-publish","format-standard","has-post-thumbnail","hentry","category-eventos","category-noticias","tag-cantares-de-yungay","tag-feria-costumbrista","tag-fernando-ubiergo","tag-los-cuatreros-del-folclor","tag-noticias","tag-pasion-cuequera","tag-yungay","tag-yungayino","tag-yungayinocl"],"_links":{"self":[{"href":"https:\/\/www.yungayino.cl\/noticias\/index.php?rest_route=\/wp\/v2\/posts\/20298","targetHints":{"allow":["GET"]}}],"collection":[{"href":"https:\/\/www.yungayino.cl\/noticias\/index.php?rest_route=\/wp\/v2\/posts"}],"about":[{"href":"https:\/\/www.yungayino.cl\/noticias\/index.php?rest_route=\/wp\/v2\/types\/post"}],"author":[{"embeddable":true,"href":"https:\/\/www.yungayino.cl\/noticias\/index.php?rest_route=\/wp\/v2\/users\/2"}],"replies":[{"embeddable":true,"href":"https:\/\/www.yungayino.cl\/noticias\/index.php?rest_route=%2Fwp%2Fv2%2Fcomments&post=20298"}],"version-history":[{"count":2,"href":"https:\/\/www.yungayino.cl\/noticias\/index.php?rest_route=\/wp\/v2\/posts\/20298\/revisions"}],"predecessor-version":[{"id":20301,"href":"https:\/\/www.yungayino.cl\/noticias\/index.php?rest_route=\/wp\/v2\/posts\/20298\/revisions\/20301"}],"wp:featuredmedia":[{"embeddable":true,"href":"https:\/\/www.yungayino.cl\/noticias\/index.php?rest_route=\/wp\/v2\/media\/20299"}],"wp:attachment":[{"href":"https:\/\/www.yungayino.cl\/noticias\/index.php?rest_route=%2Fwp%2Fv2%2Fmedia&parent=20298"}],"wp:term":[{"taxonomy":"category","embeddable":true,"href":"https:\/\/www.yungayino.cl\/noticias\/index.php?rest_route=%2Fwp%2Fv2%2Fcategories&post=20298"},{"taxonomy":"post_tag","embeddable":true,"href":"https:\/\/www.yungayino.cl\/noticias\/index.php?rest_route=%2Fwp%2Fv2%2Ftags&post=20298"}],"curies":[{"name":"wp","href":"https:\/\/api.w.org\/{rel}","templated":true}]}}