{"id":20315,"date":"2019-02-12T13:00:58","date_gmt":"2019-02-12T16:00:58","guid":{"rendered":"http:\/\/www.yungayino.cl\/noticias\/?p=20315"},"modified":"2019-02-12T18:12:34","modified_gmt":"2019-02-12T21:12:34","slug":"director-regional-de-corfo-nuble-se-reune-con-alcalde-de-yungay","status":"publish","type":"post","link":"https:\/\/www.yungayino.cl\/noticias\/?p=20315","title":{"rendered":"Director Regional de Corfo \u00d1uble se Re\u00fane con Alcalde de Yungay"},"content":{"rendered":"<p><img loading=\"lazy\" decoding=\"async\" class=\"alignnone size-full wp-image-20316\" src=\"http:\/\/www.yungayino.cl\/noticias\/wp-content\/uploads\/2019\/02\/alcalde_director_corfo_\u00f1uble.jpg\" alt=\"\" width=\"700\" height=\"351\" srcset=\"https:\/\/www.yungayino.cl\/noticias\/wp-content\/uploads\/2019\/02\/alcalde_director_corfo_\u00f1uble.jpg 700w, https:\/\/www.yungayino.cl\/noticias\/wp-content\/uploads\/2019\/02\/alcalde_director_corfo_\u00f1uble-300x150.jpg 300w, https:\/\/www.yungayino.cl\/noticias\/wp-content\/uploads\/2019\/02\/alcalde_director_corfo_\u00f1uble-299x150.jpg 299w\" sizes=\"auto, (max-width: 700px) 100vw, 700px\" \/><\/p>\n<p style=\"text-align: justify;\">Yungay, martes 12 de febrero 2019: El Director Regional de Corfo \u00d1uble, Sr. Daniel Sep\u00falveda visit\u00f3 la comuna de Yungay y se reuni\u00f3 con al alcalde Sr. Rafael Cifuentes, donde sostuvieron una importante reuni\u00f3n sobre la inyecci\u00f3n de recursos para iniciativas de fomento productivo en \u00d1uble para el a\u00f1o 2019.<\/p>\n<p style=\"text-align: justify;\"><iframe loading=\"lazy\" style=\"border: none; overflow: hidden;\" src=\"https:\/\/www.facebook.com\/plugins\/post.php?href=https:\/\/www.facebook.com\/media\/set\/?set=a.2479836728698018&amp;type=1&amp;l=c5251b892a&amp;l=a77e327dc6&amp;l=f5951f1994&amp;l=bfecbb8adf&amp;l=687b6bf5da&amp;width=500&amp;show_text=true&amp;height=691&amp;appId\" width=\"500\" height=\"691\" frameborder=\"0\" scrolling=\"no\"><\/iframe><\/p>\n<p style=\"text-align: justify;\">El Director de Corfo \u00d1uble se\u00f1alo al Edil que la inyecci\u00f3n de recursos para iniciativas de fomento productivo en \u00d1uble tendr\u00e1 un notorio incremento a partir de 2019. La Corporaci\u00f3n de Fomento de la Producci\u00f3n (Corfo), si bien a\u00fan no tiene una cifra cerrada, ya ha comprometido el piso de 2.500 millones de pesos para l\u00edneas de emprendimiento, competitividad e innovaci\u00f3n.<\/p>\n<p style=\"text-align: justify;\">Tambi\u00e9n indic\u00f3 que uno de los principales focos en la nueva regi\u00f3n est\u00e1 puesto en impulsar la innovaci\u00f3n, dado que hist\u00f3ricamente los recursos que han llegado al territorio han estado focalizados a competitividad y emprendimiento. \u00abLa innovaci\u00f3n no est\u00e1 instalada en \u00d1uble y nuestra misi\u00f3n es impulsarla\u00bb, destac\u00f3 el director regional de Corfo Nuble. As\u00ed tambi\u00e9n, se\u00f1al\u00f3 que hoy se busca respaldar iniciativas que provoquen un triple impacto, es decir, no solamente est\u00e1 la preocupaci\u00f3n por una econom\u00eda que genere valor agregado, sino tambi\u00e9n que a trav\u00e9s de los proyectos se genere impacto social y resguarden el cuidado del medio ambiente.<\/p>\n<p style=\"text-align: justify;\">Finalmente el Alcalde agradeci\u00f3 la visita e informaci\u00f3n entregada, para la cual se coordinar\u00e1 una futura reuni\u00f3n, capacitaci\u00f3n y entrega de informaci\u00f3n a toda la comunidad yungayina y puedan postular a estos fondos.<\/p>\n<p style=\"text-align: justify;\">[su_button url=\u00bbhttps:\/\/www.facebook.com\/media\/set\/?set=a.2479836728698018&amp;type=1&amp;l=c5251b892a\u00bb target=\u00bbblank\u00bb size=\u00bb7&#8243; radius=\u00bbround\u00bb icon=\u00bbicon: facebook-square\u00bb]FOTOGRAF\u00cdAS &#8211; Director Regional de Corfo \u00d1uble se Re\u00fane con Alcalde de Yungay[\/su_button]<\/p>\n","protected":false},"excerpt":{"rendered":"<p>Yungay, martes 12 de febrero 2019: El Director Regional de Corfo \u00d1uble, Sr. Daniel Sep\u00falveda visit\u00f3 la comuna de Yungay y se reuni\u00f3 con al alcalde Sr. Rafael Cifuentes, donde sostuvieron una importante reuni\u00f3n&#46;&#46;&#46;<\/p>\n","protected":false},"author":2,"featured_media":20316,"comment_status":"closed","ping_status":"open","sticky":false,"template":"","format":"standard","meta":{"footnotes":""},"categories":[3,1],"tags":[478,1115,1678,8,6,117],"class_list":["post-20315","post","type-post","status-publish","format-standard","has-post-thumbnail","hentry","category-actualidad","category-noticias","tag-corfo","tag-noticias","tag-nuble","tag-yungay","tag-yungayino","tag-yungayinocl"],"_links":{"self":[{"href":"https:\/\/www.yungayino.cl\/noticias\/index.php?rest_route=\/wp\/v2\/posts\/20315","targetHints":{"allow":["GET"]}}],"collection":[{"href":"https:\/\/www.yungayino.cl\/noticias\/index.php?rest_route=\/wp\/v2\/posts"}],"about":[{"href":"https:\/\/www.yungayino.cl\/noticias\/index.php?rest_route=\/wp\/v2\/types\/post"}],"author":[{"embeddable":true,"href":"https:\/\/www.yungayino.cl\/noticias\/index.php?rest_route=\/wp\/v2\/users\/2"}],"replies":[{"embeddable":true,"href":"https:\/\/www.yungayino.cl\/noticias\/index.php?rest_route=%2Fwp%2Fv2%2Fcomments&post=20315"}],"version-history":[{"count":1,"href":"https:\/\/www.yungayino.cl\/noticias\/index.php?rest_route=\/wp\/v2\/posts\/20315\/revisions"}],"predecessor-version":[{"id":20317,"href":"https:\/\/www.yungayino.cl\/noticias\/index.php?rest_route=\/wp\/v2\/posts\/20315\/revisions\/20317"}],"wp:featuredmedia":[{"embeddable":true,"href":"https:\/\/www.yungayino.cl\/noticias\/index.php?rest_route=\/wp\/v2\/media\/20316"}],"wp:attachment":[{"href":"https:\/\/www.yungayino.cl\/noticias\/index.php?rest_route=%2Fwp%2Fv2%2Fmedia&parent=20315"}],"wp:term":[{"taxonomy":"category","embeddable":true,"href":"https:\/\/www.yungayino.cl\/noticias\/index.php?rest_route=%2Fwp%2Fv2%2Fcategories&post=20315"},{"taxonomy":"post_tag","embeddable":true,"href":"https:\/\/www.yungayino.cl\/noticias\/index.php?rest_route=%2Fwp%2Fv2%2Ftags&post=20315"}],"curies":[{"name":"wp","href":"https:\/\/api.w.org\/{rel}","templated":true}]}}