{"id":20318,"date":"2019-02-12T16:00:03","date_gmt":"2019-02-12T19:00:03","guid":{"rendered":"http:\/\/www.yungayino.cl\/noticias\/?p=20318"},"modified":"2019-02-12T18:20:03","modified_gmt":"2019-02-12T21:20:03","slug":"yungayina-ingrid-quezada-medina-asume-como-nueva-directora-regional-de-prochile-nuble","status":"publish","type":"post","link":"https:\/\/www.yungayino.cl\/noticias\/?p=20318","title":{"rendered":"Yungayina Ingrid Quezada Medina, Asume Como Nueva Directora Regional de ProChile \u00d1uble"},"content":{"rendered":"<p><img loading=\"lazy\" decoding=\"async\" class=\"alignnone size-full wp-image-20319\" src=\"http:\/\/www.yungayino.cl\/noticias\/wp-content\/uploads\/2019\/02\/ingrid_quezada_directora_prochile.jpg\" alt=\"\" width=\"700\" height=\"350\" srcset=\"https:\/\/www.yungayino.cl\/noticias\/wp-content\/uploads\/2019\/02\/ingrid_quezada_directora_prochile.jpg 700w, https:\/\/www.yungayino.cl\/noticias\/wp-content\/uploads\/2019\/02\/ingrid_quezada_directora_prochile-300x150.jpg 300w\" sizes=\"auto, (max-width: 700px) 100vw, 700px\" \/><\/p>\n<p style=\"text-align: justify;\">Yungay, martes 12 de febrero 2019:\u00a0Sra. Ingrid Quezada Medina es la nueva Directora Regional de ProChile \u00d1uble, as\u00ed lo inform\u00f3 Jorge O\u2019Ryan, Director de la instituci\u00f3n encargada de la promoci\u00f3n de exportaciones perteneciente a la Canciller\u00eda de Chile, y el Intendente Regional,\u00a0Mart\u00edn Arrau.<\/p>\n<p style=\"text-align: justify;\">La profesional, oriunda de la comuna de Yungay, es Ingeniera Comercial de la Universidad Andr\u00e9s Bello, M\u00e1ster en Marketing de la misma casa de estudios, y tiene un MBA de ESERP Business School de Barcelona, adem\u00e1s de otros estudios de especializaci\u00f3n y post grado en marketing, relaciones p\u00fablicas, negocios internacionales y proyectos sociales.<\/p>\n<p style=\"text-align: justify;\">La nueva autoridad regional ha desarrollado una amplia carrera ligada a los negocios internacionales y el emprendimiento. Fue una de las primeras empresarias chilenas en atreverse a importar vestidos originales de novia desde Estados Unidos y Medio Oriente, se ha desempe\u00f1ado tambi\u00e9n en el rubro de la organizaci\u00f3n de eventos, y como Brand y Product Manager Marketing en diversas compa\u00f1\u00edas. Tambi\u00e9n fue Business Manager de la empresa BITPLAY, desarrolladora de videos juegos, donde se encarg\u00f3 de las relaciones internacionales y particip\u00f3 en misiones comerciales al exterior, ampliando sus conocimientos a la promoci\u00f3n de las Industrias Creativas.<\/p>\n<p style=\"text-align: justify;\">La profesional adem\u00e1s ha asesorado a peque\u00f1as y medianas empresas, emprendedores y ONG en la creaci\u00f3n de planes de Comunicaciones, Marketing y Marketing digital. Es miembro activo de la Red de Mujeres de Alta Direcci\u00f3n (REDMAD) y de la Asociaci\u00f3n de Marketing Directo y Digital de Chile (AMDD).<\/p>\n<p style=\"text-align: justify;\">\u201cIngrid es una profesional con amplia experiencia en comercio y promoci\u00f3n internacional. Su perfil contribuir\u00e1 a fortalecer el apoyo y aporte que ProChile hace a la regi\u00f3n a trav\u00e9s del trabajo con los exportadores locales desde agosto del 2011. Esto, porque las cifras indican que cuando una empresa exporta, no solo logra diversificar sus riesgos, sino que tambi\u00e9n genera m\u00e1s empleo y aporta m\u00e1s a la econom\u00eda local. En 2018,\u00a0las 768 Pymes exportadoras clientes de ProChile a nivel nacional generaron 18.977 mil puestos de trabajo\u201d, dijo el Director de ProChile, Jorge O\u2019Ryan.<\/p>\n<p style=\"text-align: justify;\">Asimismo, el Intendente Sr. Mart\u00edn Arrau, manifest\u00f3 que \u201c\u00d1uble tiene un enorme potencial que mostrar al mundo y en ese sentido el apoyo de ProChile es fundamental para internacionalizar nuestro territorio. Existe la diversidad de productos, el compromiso y la disposici\u00f3n p\u00fablica y privada para poner en valor nuestra riqueza. La llegada de esta instituci\u00f3n reafirma el compromiso del Presidente Pi\u00f1era con nuestra regi\u00f3n, entreg\u00e1ndonos todas las herramientas para proyectar nuestra imagen a nuevos mercados, con una directora \u00f1ublensina y que cuenta con un gran curr\u00edculum para sacar lo mejor de \u00d1uble\u201d.<\/p>\n<p style=\"text-align: justify;\"><strong>Internacionalizaci\u00f3n de \u00d1uble<\/strong><\/p>\n<p style=\"text-align: justify;\">Dar a conocer a la regi\u00f3n a nivel internacional, el trabajo con las Pymes exportadoras, la b\u00fasqueda, detecci\u00f3n e internacionalizaci\u00f3n de oferta con valor agregado, innovadora y alto impacto, son los principales objetivos Ingrid Quezada como directora de la oficina de ProChile en \u00d1uble.<\/p>\n<p style=\"text-align: justify;\">\u201cSi trabajamos en la internacionalizaci\u00f3n de la regi\u00f3n, desde su imagen, turismo y comercio, aportaremos al crecimiento de \u00d1uble. Y este trabajo lo realizaremos en coordinaci\u00f3n con otros servicios p\u00fablicos y por supuesto, junto a los empresarios y exportadores de la zona\u201d, indic\u00f3 la nueva autoridad.<\/p>\n<p style=\"text-align: justify;\">De acuerdo a ProChile, \u00d1uble tiene amplia oferta internacional en productos agr\u00edcolas, tales como el trigo, avena, ar\u00e1ndanos, frambuesas, moras, casta\u00f1as, cerezas, vinos, esp\u00e1rragos, manzanas. Tambi\u00e9n se ha detectado oferta menos tradicional, pero con amplio potencial internacional como vinos de cepas llamadas patrimoniales -con las cuales la instituci\u00f3n lleva tiempo desarrollando un profundo trabajo de internacionalizaci\u00f3n- semillas, alimentos gourmet, y servicios y soluciones para el agro.<\/p>\n","protected":false},"excerpt":{"rendered":"<p>Yungay, martes 12 de febrero 2019:\u00a0Sra. Ingrid Quezada Medina es la nueva Directora Regional de ProChile \u00d1uble, as\u00ed lo inform\u00f3 Jorge O\u2019Ryan, Director de la instituci\u00f3n encargada de la promoci\u00f3n de exportaciones perteneciente a&#46;&#46;&#46;<\/p>\n","protected":false},"author":2,"featured_media":20319,"comment_status":"closed","ping_status":"open","sticky":false,"template":"","format":"standard","meta":{"footnotes":""},"categories":[3,1],"tags":[1927,1115,1926,8,6,117],"class_list":["post-20318","post","type-post","status-publish","format-standard","has-post-thumbnail","hentry","category-actualidad","category-noticias","tag-ingrid-quezada","tag-noticias","tag-prochile","tag-yungay","tag-yungayino","tag-yungayinocl"],"_links":{"self":[{"href":"https:\/\/www.yungayino.cl\/noticias\/index.php?rest_route=\/wp\/v2\/posts\/20318","targetHints":{"allow":["GET"]}}],"collection":[{"href":"https:\/\/www.yungayino.cl\/noticias\/index.php?rest_route=\/wp\/v2\/posts"}],"about":[{"href":"https:\/\/www.yungayino.cl\/noticias\/index.php?rest_route=\/wp\/v2\/types\/post"}],"author":[{"embeddable":true,"href":"https:\/\/www.yungayino.cl\/noticias\/index.php?rest_route=\/wp\/v2\/users\/2"}],"replies":[{"embeddable":true,"href":"https:\/\/www.yungayino.cl\/noticias\/index.php?rest_route=%2Fwp%2Fv2%2Fcomments&post=20318"}],"version-history":[{"count":3,"href":"https:\/\/www.yungayino.cl\/noticias\/index.php?rest_route=\/wp\/v2\/posts\/20318\/revisions"}],"predecessor-version":[{"id":20322,"href":"https:\/\/www.yungayino.cl\/noticias\/index.php?rest_route=\/wp\/v2\/posts\/20318\/revisions\/20322"}],"wp:featuredmedia":[{"embeddable":true,"href":"https:\/\/www.yungayino.cl\/noticias\/index.php?rest_route=\/wp\/v2\/media\/20319"}],"wp:attachment":[{"href":"https:\/\/www.yungayino.cl\/noticias\/index.php?rest_route=%2Fwp%2Fv2%2Fmedia&parent=20318"}],"wp:term":[{"taxonomy":"category","embeddable":true,"href":"https:\/\/www.yungayino.cl\/noticias\/index.php?rest_route=%2Fwp%2Fv2%2Fcategories&post=20318"},{"taxonomy":"post_tag","embeddable":true,"href":"https:\/\/www.yungayino.cl\/noticias\/index.php?rest_route=%2Fwp%2Fv2%2Ftags&post=20318"}],"curies":[{"name":"wp","href":"https:\/\/api.w.org\/{rel}","templated":true}]}}