{"id":20323,"date":"2019-02-13T17:00:39","date_gmt":"2019-02-13T20:00:39","guid":{"rendered":"http:\/\/www.yungayino.cl\/noticias\/?p=20323"},"modified":"2019-02-13T18:18:29","modified_gmt":"2019-02-13T21:18:29","slug":"ceremonia-de-cierre-escuela-de-verano-se-realizo-en-yungay-2","status":"publish","type":"post","link":"https:\/\/www.yungayino.cl\/noticias\/?p=20323","title":{"rendered":"Ceremonia de Cierre \u201cEscuela de Verano\u201d se Realiz\u00f3 en Yungay"},"content":{"rendered":"<p><img loading=\"lazy\" decoding=\"async\" class=\"alignnone size-full wp-image-20324\" src=\"http:\/\/www.yungayino.cl\/noticias\/wp-content\/uploads\/2019\/02\/cierre_escuela_verano_2019.jpg\" alt=\"\" width=\"700\" height=\"350\" srcset=\"https:\/\/www.yungayino.cl\/noticias\/wp-content\/uploads\/2019\/02\/cierre_escuela_verano_2019.jpg 700w, https:\/\/www.yungayino.cl\/noticias\/wp-content\/uploads\/2019\/02\/cierre_escuela_verano_2019-300x150.jpg 300w\" sizes=\"auto, (max-width: 700px) 100vw, 700px\" \/><\/p>\n<p style=\"text-align: justify;\">Yungay, mi\u00e9rcoles 13 de febrero 2019: En el Auditorio de la Biblioteca P\u00fablica se llev\u00f3 a cabo la Ceremonia de Cierre de la Escuela de Verano 2019, la cual cont\u00f3 con la asistencia del alcalde Sr. Rafael Cifuentes y los Concejales Sr. Ricardo Ramos, Sra. Patricia Moncada y Sra. Juana Sandoval.<\/p>\n<p style=\"text-align: justify;\"><iframe loading=\"lazy\" style=\"border: none; overflow: hidden;\" src=\"https:\/\/www.facebook.com\/plugins\/post.php?href=https:\/\/www.facebook.com\/media\/set\/?set=a.2481690191846005&amp;type=1&amp;l=55d807b63c&amp;l=a77e327dc6&amp;l=f5951f1994&amp;l=bfecbb8adf&amp;l=687b6bf5da&amp;width=500&amp;show_text=true&amp;height=691&amp;appId\" width=\"500\" height=\"691\" frameborder=\"0\" scrolling=\"no\"><\/iframe><\/p>\n<p style=\"text-align: justify;\">Se\u00f1alar que este programa favoreci\u00f3 a ni\u00f1os (as) de\u00a0 6 a 12 a\u00f1os, tanto de Campanario como Yungay, el cual fue implementado por la Ilustre Municipalidad de Yungay a trav\u00e9s del Departamento de DIDECO, con la finalidad de contribuir al cuidado, entretenci\u00f3n, protecci\u00f3n y recreaci\u00f3n de ni\u00f1os y ni\u00f1as, cuyas madres se dedican a la actividades de trabajos de la temporada y as\u00ed puedan trabajar adecuadamente, y que sus hijos permanezcan en un ambiente de seguridad y protecci\u00f3n.<\/p>\n<p style=\"text-align: justify;\">Finalmente destacar que la Escuela de Verano se desarroll\u00f3 desde el 14 de enero, donde todos los ni\u00f1os(as) recibieron desayuno, almuerzo y una colaci\u00f3n, adem\u00e1s de locomoci\u00f3n para los que vienen de la localidad de Campanario, tambi\u00e9n destacar el apoyo de profesionales que los apoyaron durante este periodo.<\/p>\n<p style=\"text-align: justify;\">[su_button url=\u00bbhttps:\/\/www.facebook.com\/media\/set\/?set=a.2481690191846005&amp;type=1&amp;l=55d807b63c\u00bb target=\u00bbblank\u00bb size=\u00bb7&#8243; radius=\u00bbround\u00bb icon=\u00bbicon: facebook-square\u00bb]FOTOGRAF\u00cdAS &#8211; Ceremonia de Cierre \u201cEscuela de Verano\u201d se Realiz\u00f3 en Yungay[\/su_button]<\/p>\n","protected":false},"excerpt":{"rendered":"<p>Yungay, mi\u00e9rcoles 13 de febrero 2019: En el Auditorio de la Biblioteca P\u00fablica se llev\u00f3 a cabo la Ceremonia de Cierre de la Escuela de Verano 2019, la cual cont\u00f3 con la asistencia del&#46;&#46;&#46;<\/p>\n","protected":false},"author":2,"featured_media":20324,"comment_status":"closed","ping_status":"open","sticky":false,"template":"","format":"standard","meta":{"footnotes":""},"categories":[1],"tags":[638,1115,8,6,117],"class_list":["post-20323","post","type-post","status-publish","format-standard","has-post-thumbnail","hentry","category-noticias","tag-escuela-de-verano","tag-noticias","tag-yungay","tag-yungayino","tag-yungayinocl"],"_links":{"self":[{"href":"https:\/\/www.yungayino.cl\/noticias\/index.php?rest_route=\/wp\/v2\/posts\/20323","targetHints":{"allow":["GET"]}}],"collection":[{"href":"https:\/\/www.yungayino.cl\/noticias\/index.php?rest_route=\/wp\/v2\/posts"}],"about":[{"href":"https:\/\/www.yungayino.cl\/noticias\/index.php?rest_route=\/wp\/v2\/types\/post"}],"author":[{"embeddable":true,"href":"https:\/\/www.yungayino.cl\/noticias\/index.php?rest_route=\/wp\/v2\/users\/2"}],"replies":[{"embeddable":true,"href":"https:\/\/www.yungayino.cl\/noticias\/index.php?rest_route=%2Fwp%2Fv2%2Fcomments&post=20323"}],"version-history":[{"count":1,"href":"https:\/\/www.yungayino.cl\/noticias\/index.php?rest_route=\/wp\/v2\/posts\/20323\/revisions"}],"predecessor-version":[{"id":20325,"href":"https:\/\/www.yungayino.cl\/noticias\/index.php?rest_route=\/wp\/v2\/posts\/20323\/revisions\/20325"}],"wp:featuredmedia":[{"embeddable":true,"href":"https:\/\/www.yungayino.cl\/noticias\/index.php?rest_route=\/wp\/v2\/media\/20324"}],"wp:attachment":[{"href":"https:\/\/www.yungayino.cl\/noticias\/index.php?rest_route=%2Fwp%2Fv2%2Fmedia&parent=20323"}],"wp:term":[{"taxonomy":"category","embeddable":true,"href":"https:\/\/www.yungayino.cl\/noticias\/index.php?rest_route=%2Fwp%2Fv2%2Fcategories&post=20323"},{"taxonomy":"post_tag","embeddable":true,"href":"https:\/\/www.yungayino.cl\/noticias\/index.php?rest_route=%2Fwp%2Fv2%2Ftags&post=20323"}],"curies":[{"name":"wp","href":"https:\/\/api.w.org\/{rel}","templated":true}]}}